{"id":23604,"date":"2019-10-28T15:38:10","date_gmt":"2019-10-28T15:38:10","guid":{"rendered":"https:\/\/sertv.gob.pa\/crisolfm\/?p=23604"},"modified":"2019-10-28T15:38:10","modified_gmt":"2019-10-28T15:38:10","slug":"costa-rica-busca-combatir-las-selfis-que-afectan-a-los-animales-silvestres","status":"publish","type":"post","link":"https:\/\/sertv.gob.pa\/crisolfm\/costa-rica-busca-combatir-las-selfis-que-afectan-a-los-animales-silvestres\/","title":{"rendered":"Costa Rica busca combatir las selfis que afectan a los animales silvestres"},"content":{"rendered":"<p style=\"text-align: justify\">Costa Rica lanz\u00f3 una campa\u00f1a que busca eliminar la pr\u00e1ctica de tomarse selfis (autofotos) crueles o inadecuados con animales silvestres y que ha colocado al pa\u00eds como uno de los destinos del mundo en donde m\u00e1s ocurre esa situaci\u00f3n.<\/p>\n<p>La campa\u00f1a #stopanimalselfies, lanzada en medios y redes sociales por el Instituto Costarricense de Turismo, el Ministerio de Ambiente, organizaciones no gubernamentales y empresas, busca generar conciencia de los riesgos y afectaciones que estas fotos representan tanto para la fauna como para la gente.<\/p>\n<p>Una selfi cruel o inadecuado es aquella foto en al que la persona entra en contacto directo, molesta, manipula o causa alg\u00fan da\u00f1o a un animal silvestre.<\/p>\n<p>Las autoridades aclararon que la gente s\u00ed puede hacerse fotos pero a una distancia prudente de los animales, sin manipularlos y respetando sus comportamientos naturales.<\/p>\n<p>EFE<\/p>\n","protected":false},"excerpt":{"rendered":"<p>Costa Rica lanz\u00f3 una campa\u00f1a que busca eliminar la pr\u00e1ctica <a href=\"https:\/\/sertv.gob.pa\/crisolfm\/costa-rica-busca-combatir-las-selfis-que-afectan-a-los-animales-silvestres\/\"> [&#8230;]<\/a><\/p>\n","protected":false},"author":64,"featured_media":23605,"comment_status":"closed","ping_status":"closed","sticky":false,"template":"","format":"standard","meta":{"footnotes":""},"categories":[7],"tags":[],"class_list":["post-23604","post","type-post","status-publish","format-standard","has-post-thumbnail","hentry","category-ecologicas"],"_links":{"self":[{"href":"https:\/\/sertv.gob.pa\/crisolfm\/wp-json\/wp\/v2\/posts\/23604","targetHints":{"allow":["GET"]}}],"collection":[{"href":"https:\/\/sertv.gob.pa\/crisolfm\/wp-json\/wp\/v2\/posts"}],"about":[{"href":"https:\/\/sertv.gob.pa\/crisolfm\/wp-json\/wp\/v2\/types\/post"}],"author":[{"embeddable":true,"href":"https:\/\/sertv.gob.pa\/crisolfm\/wp-json\/wp\/v2\/users\/64"}],"replies":[{"embeddable":true,"href":"https:\/\/sertv.gob.pa\/crisolfm\/wp-json\/wp\/v2\/comments?post=23604"}],"version-history":[{"count":1,"href":"https:\/\/sertv.gob.pa\/crisolfm\/wp-json\/wp\/v2\/posts\/23604\/revisions"}],"predecessor-version":[{"id":23606,"href":"https:\/\/sertv.gob.pa\/crisolfm\/wp-json\/wp\/v2\/posts\/23604\/revisions\/23606"}],"wp:featuredmedia":[{"embeddable":true,"href":"https:\/\/sertv.gob.pa\/crisolfm\/wp-json\/wp\/v2\/media\/23605"}],"wp:attachment":[{"href":"https:\/\/sertv.gob.pa\/crisolfm\/wp-json\/wp\/v2\/media?parent=23604"}],"wp:term":[{"taxonomy":"category","embeddable":true,"href":"https:\/\/sertv.gob.pa\/crisolfm\/wp-json\/wp\/v2\/categories?post=23604"},{"taxonomy":"post_tag","embeddable":true,"href":"https:\/\/sertv.gob.pa\/crisolfm\/wp-json\/wp\/v2\/tags?post=23604"}],"curies":[{"name":"wp","href":"https:\/\/api.w.org\/{rel}","templated":true}]}}