{"id":23610,"date":"2019-10-29T13:29:04","date_gmt":"2019-10-29T13:29:04","guid":{"rendered":"https:\/\/sertv.gob.pa\/crisolfm\/?p=23610"},"modified":"2019-10-29T13:29:04","modified_gmt":"2019-10-29T13:29:04","slug":"punta-chame-sucumbe-ante-extraccion-de-arena-y-cambio-climatico","status":"publish","type":"post","link":"https:\/\/sertv.gob.pa\/crisolfm\/punta-chame-sucumbe-ante-extraccion-de-arena-y-cambio-climatico\/","title":{"rendered":"Punta Chame sucumbe ante extracci\u00f3n de arena y cambio clim\u00e1tico"},"content":{"rendered":"<p>Una combinaci\u00f3n de acciones humanas y factores naturales ha transformado el entorno de Punta Chame bajo el peligro de que la pen\u00ednsula pueda desaparecer del mapa.<\/p>\n<p>En la Direcci\u00f3n Nacional de Recursos Naturales, del Ministerio de Comercio e Industrias (MICI), existen cuatro solicitudes en tr\u00e1mites para extracci\u00f3n de arena submarina en Punta Chame, en 7,422.88 hect\u00e1reas. En los registros del mismo departamento, reposaba, hasta el 30 de septiembre pasado, una sola concesi\u00f3n para extracci\u00f3n del mineral por 497.8 hect\u00e1reas. No obstante, a simple vista se observan naves en esta misma actividad sin aparente control de las autoridades. Tan es as\u00ed, que sus moradores temen que la pen\u00ednsula chamera desaparezca en los pr\u00f3ximos a\u00f1os debido a la extracci\u00f3n de arena<\/p>\n<p>Los residentes de la comunidad no se explican entonces c\u00f3mo es que diariamente hasta diez y quince barcos llegan a extraer el material p\u00e9treo. Abdul Juliao, alcalde de Chame, tiene la respuesta. \u201cLa extracci\u00f3n de arena submarina es ilegal porque las concesiones que existen son para extraerla en los l\u00edmites de Capira, mas no en Punta Chame\u201d, explic\u00f3 Juliao.<\/p>\n<p>Mirta Ben\u00edtez, especialista de Cambio Clim\u00e1tico del Ministerio de Ambiente (MiAmbiente), indic\u00f3 que la pen\u00ednsula, a cien kil\u00f3metros de la capital paname\u00f1a, vive un proceso de erosi\u00f3n de costas y aumento del nivel del mar, aunque por el momento no se puede predecir la vulnerabilidad del \u00e1rea hasta hacerse estudios profundos, agreg\u00f3 Ben\u00edtez.<\/p>\n<p>&nbsp;<\/p>\n","protected":false},"excerpt":{"rendered":"<p>Una combinaci\u00f3n de acciones humanas y factores naturales ha transformado <a href=\"https:\/\/sertv.gob.pa\/crisolfm\/punta-chame-sucumbe-ante-extraccion-de-arena-y-cambio-climatico\/\"> [&#8230;]<\/a><\/p>\n","protected":false},"author":64,"featured_media":23612,"comment_status":"closed","ping_status":"closed","sticky":false,"template":"","format":"standard","meta":{"footnotes":""},"categories":[7],"tags":[],"class_list":["post-23610","post","type-post","status-publish","format-standard","has-post-thumbnail","hentry","category-ecologicas"],"_links":{"self":[{"href":"https:\/\/sertv.gob.pa\/crisolfm\/wp-json\/wp\/v2\/posts\/23610","targetHints":{"allow":["GET"]}}],"collection":[{"href":"https:\/\/sertv.gob.pa\/crisolfm\/wp-json\/wp\/v2\/posts"}],"about":[{"href":"https:\/\/sertv.gob.pa\/crisolfm\/wp-json\/wp\/v2\/types\/post"}],"author":[{"embeddable":true,"href":"https:\/\/sertv.gob.pa\/crisolfm\/wp-json\/wp\/v2\/users\/64"}],"replies":[{"embeddable":true,"href":"https:\/\/sertv.gob.pa\/crisolfm\/wp-json\/wp\/v2\/comments?post=23610"}],"version-history":[{"count":1,"href":"https:\/\/sertv.gob.pa\/crisolfm\/wp-json\/wp\/v2\/posts\/23610\/revisions"}],"predecessor-version":[{"id":23613,"href":"https:\/\/sertv.gob.pa\/crisolfm\/wp-json\/wp\/v2\/posts\/23610\/revisions\/23613"}],"wp:featuredmedia":[{"embeddable":true,"href":"https:\/\/sertv.gob.pa\/crisolfm\/wp-json\/wp\/v2\/media\/23612"}],"wp:attachment":[{"href":"https:\/\/sertv.gob.pa\/crisolfm\/wp-json\/wp\/v2\/media?parent=23610"}],"wp:term":[{"taxonomy":"category","embeddable":true,"href":"https:\/\/sertv.gob.pa\/crisolfm\/wp-json\/wp\/v2\/categories?post=23610"},{"taxonomy":"post_tag","embeddable":true,"href":"https:\/\/sertv.gob.pa\/crisolfm\/wp-json\/wp\/v2\/tags?post=23610"}],"curies":[{"name":"wp","href":"https:\/\/api.w.org\/{rel}","templated":true}]}}