{"id":23640,"date":"2019-10-29T15:21:26","date_gmt":"2019-10-29T15:21:26","guid":{"rendered":"https:\/\/sertv.gob.pa\/crisolfm\/?p=23640"},"modified":"2019-10-29T15:21:26","modified_gmt":"2019-10-29T15:21:26","slug":"conferencia-our-ocean-buscando-la-conservacion-de-los-oceanos","status":"publish","type":"post","link":"https:\/\/sertv.gob.pa\/crisolfm\/conferencia-our-ocean-buscando-la-conservacion-de-los-oceanos\/","title":{"rendered":"Conferencia \u2018Our Ocean\u2019, buscando la conservaci\u00f3n de los oc\u00e9anos"},"content":{"rendered":"<p>Oslo se ha convertido en la capital mundial de la <strong>conservaci\u00f3n de los oc\u00e9anos<\/strong>. Esta Conferencia arroj\u00f3 compromisos significativos para conservar los oc\u00e9anos, como la declaraci\u00f3n de nuevas \u00e1reas marinas protegidas o avances en la lucha contra la contaminaci\u00f3n marina por pl\u00e1sticos.<\/p>\n<p>Estas declaraciones se suman a los avances adoptados durante los \u00faltimos cincos a\u00f1os en los que se han adoptado compromisos financieros que superan los 15.000 millones de euros. En esta cita mundial, los l\u00edderes mundiales\u00a0se han comprometido a crear m\u00e1s de 13 millones de kil\u00f3metros cuadrados de \u00e1reas marinas protegidas.<\/p>\n<p>Asimismo,\u00a0el gobierno de Noruega expres\u00f3 su apoyo a la futura<strong> creaci\u00f3n de un Acuerdo global<\/strong> legalmente vinculante para luchar contra la contaminaci\u00f3n marina por pl\u00e1sticos, lo que WWF viene pidiendo hace tiempo a trav\u00e9s de su campa\u00f1a\u00a0<a href=\"https:\/\/actua.wwf.es\/es\/actua-por-una-naturaleza-sin-plasticos\" target=\"_blank\" rel=\"noopener\">#NaturalezaSinPl\u00e1sticos<\/a>\u00a0a la que se han sumado ya m\u00e1s de un mill\u00f3n y medio de personas en todo el mundo.<\/p>\n<p>\u201c<em>Durante estos d\u00edas hemos visto un claro reconocimiento por parte de los l\u00edderes gubernamentales y del mundo empresarial de la magnitud del desaf\u00edo al que se enfrentan los oc\u00e9anos<\/em>\u201d, afirma John Tanzer, responsable del Programa Oc\u00e9anos de WWF Internacional.<\/p>\n<p>\u201c<em>Los compromisos adoptados son bienvenidos, pero son solo un primer paso. A menos que se adopten medidas internacionales para <\/em><strong><em>revertir la salud de los oc\u00e9anos <\/em><\/strong><em>y se ponga fin a la sobreexplotaci\u00f3n de los recursos pesqueros, no seremos capaces de garantizar el futuro de unos oc\u00e9anos saludables<\/em>\u201d, apunta.<\/p>\n<p>ECOticias<\/p>\n","protected":false},"excerpt":{"rendered":"<p>Oslo se ha convertido en la capital mundial de la <a href=\"https:\/\/sertv.gob.pa\/crisolfm\/conferencia-our-ocean-buscando-la-conservacion-de-los-oceanos\/\"> [&#8230;]<\/a><\/p>\n","protected":false},"author":64,"featured_media":23641,"comment_status":"closed","ping_status":"closed","sticky":false,"template":"","format":"standard","meta":{"footnotes":""},"categories":[7],"tags":[],"class_list":["post-23640","post","type-post","status-publish","format-standard","has-post-thumbnail","hentry","category-ecologicas"],"_links":{"self":[{"href":"https:\/\/sertv.gob.pa\/crisolfm\/wp-json\/wp\/v2\/posts\/23640","targetHints":{"allow":["GET"]}}],"collection":[{"href":"https:\/\/sertv.gob.pa\/crisolfm\/wp-json\/wp\/v2\/posts"}],"about":[{"href":"https:\/\/sertv.gob.pa\/crisolfm\/wp-json\/wp\/v2\/types\/post"}],"author":[{"embeddable":true,"href":"https:\/\/sertv.gob.pa\/crisolfm\/wp-json\/wp\/v2\/users\/64"}],"replies":[{"embeddable":true,"href":"https:\/\/sertv.gob.pa\/crisolfm\/wp-json\/wp\/v2\/comments?post=23640"}],"version-history":[{"count":1,"href":"https:\/\/sertv.gob.pa\/crisolfm\/wp-json\/wp\/v2\/posts\/23640\/revisions"}],"predecessor-version":[{"id":23642,"href":"https:\/\/sertv.gob.pa\/crisolfm\/wp-json\/wp\/v2\/posts\/23640\/revisions\/23642"}],"wp:featuredmedia":[{"embeddable":true,"href":"https:\/\/sertv.gob.pa\/crisolfm\/wp-json\/wp\/v2\/media\/23641"}],"wp:attachment":[{"href":"https:\/\/sertv.gob.pa\/crisolfm\/wp-json\/wp\/v2\/media?parent=23640"}],"wp:term":[{"taxonomy":"category","embeddable":true,"href":"https:\/\/sertv.gob.pa\/crisolfm\/wp-json\/wp\/v2\/categories?post=23640"},{"taxonomy":"post_tag","embeddable":true,"href":"https:\/\/sertv.gob.pa\/crisolfm\/wp-json\/wp\/v2\/tags?post=23640"}],"curies":[{"name":"wp","href":"https:\/\/api.w.org\/{rel}","templated":true}]}}