{"id":23643,"date":"2019-10-29T15:28:49","date_gmt":"2019-10-29T15:28:49","guid":{"rendered":"https:\/\/sertv.gob.pa\/crisolfm\/?p=23643"},"modified":"2019-10-29T15:28:49","modified_gmt":"2019-10-29T15:28:49","slug":"el-reina-sofia-anadira-22-salas-en-2021-para-su-coleccion-permanente","status":"publish","type":"post","link":"https:\/\/sertv.gob.pa\/crisolfm\/el-reina-sofia-anadira-22-salas-en-2021-para-su-coleccion-permanente\/","title":{"rendered":"El Reina Sof\u00eda a\u00f1adir\u00e1 22 salas en 2021 para su colecci\u00f3n permanente"},"content":{"rendered":"<p>La arquitectura estar\u00e1 presente, como parte indispensable del arte moderno y contempor\u00e1neo, en las nuevas salas dedicadas a la colecci\u00f3n permanente del <a href=\"https:\/\/www.museoreinasofia.es\/\" target=\"_blank\" rel=\"noopener\">Museo Reina Sof\u00eda<\/a>, centro que asume la disciplina en su narraci\u00f3n museol\u00f3gica. Adem\u00e1s, este centro est\u00e1 a punto de acometer una importante remodelaci\u00f3n que es, en cierto modo, una vuelta a los or\u00edgenes: la instituci\u00f3n dar\u00e1 nueva vida a 1.200 metros cuadrados y 22 nuevas salas en la parte baja del edificio Sabatini, un espacio que fue esencial en sus primeros a\u00f1os. Se prev\u00e9 que la operaci\u00f3n est\u00e9 lista en 2021.<\/p>\n<p>El concurso para el dise\u00f1o lo gan\u00f3 en 2017 un proyecto de Juan Pablo Rodr\u00edguez Frade y Aurora Herrera G\u00f3mez y costar\u00e1 3,1 millones de euros, de los que la mitad los aportar\u00e1 el Ministerio de Fomento (el resto correr\u00e1 a cargo de la propia instituci\u00f3n). Este departamento tiene especial inter\u00e9s en la difusi\u00f3n de la historia de la arquitectura espa\u00f1ola, que no cuenta con museo propio.<\/p>\n<p>Los responsables del Reina Sof\u00eda consideran el pr\u00f3ximo febrero como la fecha del comienzo de las obras. En el informe del concurso de ejecuci\u00f3n que ahora se abre puede leerse que el resultado ser\u00e1 \u201cuna pieza fundamental para mejorar la dif\u00edcil conexi\u00f3n entre los edificios\u201d Sabatini (de finales del siglo XVIII) y <a href=\"https:\/\/elpais.com\/diario\/1999\/12\/23\/cultura\/945903601_850215.html\" target=\"_blank\" rel=\"noopener\">la ampliaci\u00f3n de Nouvel<\/a> (principios del siglo XXI).<\/p>\n<p>El Pa\u00eds<\/p>\n","protected":false},"excerpt":{"rendered":"<p>La arquitectura estar\u00e1 presente, como parte indispensable del arte moderno <a href=\"https:\/\/sertv.gob.pa\/crisolfm\/el-reina-sofia-anadira-22-salas-en-2021-para-su-coleccion-permanente\/\"> [&#8230;]<\/a><\/p>\n","protected":false},"author":64,"featured_media":23644,"comment_status":"closed","ping_status":"closed","sticky":false,"template":"","format":"standard","meta":{"footnotes":""},"categories":[6],"tags":[],"class_list":["post-23643","post","type-post","status-publish","format-standard","has-post-thumbnail","hentry","category-culturales"],"_links":{"self":[{"href":"https:\/\/sertv.gob.pa\/crisolfm\/wp-json\/wp\/v2\/posts\/23643","targetHints":{"allow":["GET"]}}],"collection":[{"href":"https:\/\/sertv.gob.pa\/crisolfm\/wp-json\/wp\/v2\/posts"}],"about":[{"href":"https:\/\/sertv.gob.pa\/crisolfm\/wp-json\/wp\/v2\/types\/post"}],"author":[{"embeddable":true,"href":"https:\/\/sertv.gob.pa\/crisolfm\/wp-json\/wp\/v2\/users\/64"}],"replies":[{"embeddable":true,"href":"https:\/\/sertv.gob.pa\/crisolfm\/wp-json\/wp\/v2\/comments?post=23643"}],"version-history":[{"count":1,"href":"https:\/\/sertv.gob.pa\/crisolfm\/wp-json\/wp\/v2\/posts\/23643\/revisions"}],"predecessor-version":[{"id":23645,"href":"https:\/\/sertv.gob.pa\/crisolfm\/wp-json\/wp\/v2\/posts\/23643\/revisions\/23645"}],"wp:featuredmedia":[{"embeddable":true,"href":"https:\/\/sertv.gob.pa\/crisolfm\/wp-json\/wp\/v2\/media\/23644"}],"wp:attachment":[{"href":"https:\/\/sertv.gob.pa\/crisolfm\/wp-json\/wp\/v2\/media?parent=23643"}],"wp:term":[{"taxonomy":"category","embeddable":true,"href":"https:\/\/sertv.gob.pa\/crisolfm\/wp-json\/wp\/v2\/categories?post=23643"},{"taxonomy":"post_tag","embeddable":true,"href":"https:\/\/sertv.gob.pa\/crisolfm\/wp-json\/wp\/v2\/tags?post=23643"}],"curies":[{"name":"wp","href":"https:\/\/api.w.org\/{rel}","templated":true}]}}