{"id":23646,"date":"2019-10-29T15:40:40","date_gmt":"2019-10-29T15:40:40","guid":{"rendered":"https:\/\/sertv.gob.pa\/crisolfm\/?p=23646"},"modified":"2019-10-29T15:40:40","modified_gmt":"2019-10-29T15:40:40","slug":"la-ley-y-el-orden-u-v-e-21-anos-en-la-tv-cual-es-su-secreto","status":"publish","type":"post","link":"https:\/\/sertv.gob.pa\/crisolfm\/la-ley-y-el-orden-u-v-e-21-anos-en-la-tv-cual-es-su-secreto\/","title":{"rendered":"La ley y el orden: U.V.E., 21 a\u00f1os en la TV \u00bfCu\u00e1l es su secreto?"},"content":{"rendered":"<p>Alcanzar las 21 temporadas en TV es un ejercicio de resistencia y, a la vez, de una fidelidad casi religiosa que ahora goza la serie de televisi\u00f3n La ley y el orden: Unidad de V\u00edctimas Espaciales (U. V. E.).<\/p>\n<p>Este polic\u00edaco, que se gest\u00f3 a partir de casos con v\u00edctimas de abuso sexual,<strong> ya tiene el t\u00edtulo de ser la producci\u00f3n m\u00e1s larga en su g\u00e9nero en la peque\u00f1a pantalla <\/strong>(estrena su ciclo en Universal TV, a las 9 p. m.), comandada por la actriz Mariska Hartigay, sin traicionar esa receta de trama detectivesca con drama judicial.<\/p>\n<p>\u201cCualquier caso que tenga que ver con cr\u00edmenes de \u00edndole sexual, violencia dom\u00e9stica, hace que la responsabilidad del equipo de productores, actores y escritores sea a\u00fan mayor con la audiencia\u201d, dijo la actriz en una entrevista que tuvo con EL TIEMPO.<\/p>\n<p>Para ella, el secreto de la vigencia est\u00e1 relacionado con mantener un toque de realismo en los casos. <strong>\u201cDebemos mantener a los personajes e historias tan ver\u00eddicos como sea posible, para crear conciencia y hasta ayudar a que v\u00edctimas reales denuncien\u201d,<\/strong> finaliza.<\/p>\n<p>El Tiempo<\/p>\n","protected":false},"excerpt":{"rendered":"<p>Alcanzar las 21 temporadas en TV es un ejercicio de <a href=\"https:\/\/sertv.gob.pa\/crisolfm\/la-ley-y-el-orden-u-v-e-21-anos-en-la-tv-cual-es-su-secreto\/\"> [&#8230;]<\/a><\/p>\n","protected":false},"author":64,"featured_media":23647,"comment_status":"closed","ping_status":"closed","sticky":false,"template":"","format":"standard","meta":{"footnotes":""},"categories":[6],"tags":[],"class_list":["post-23646","post","type-post","status-publish","format-standard","has-post-thumbnail","hentry","category-culturales"],"_links":{"self":[{"href":"https:\/\/sertv.gob.pa\/crisolfm\/wp-json\/wp\/v2\/posts\/23646","targetHints":{"allow":["GET"]}}],"collection":[{"href":"https:\/\/sertv.gob.pa\/crisolfm\/wp-json\/wp\/v2\/posts"}],"about":[{"href":"https:\/\/sertv.gob.pa\/crisolfm\/wp-json\/wp\/v2\/types\/post"}],"author":[{"embeddable":true,"href":"https:\/\/sertv.gob.pa\/crisolfm\/wp-json\/wp\/v2\/users\/64"}],"replies":[{"embeddable":true,"href":"https:\/\/sertv.gob.pa\/crisolfm\/wp-json\/wp\/v2\/comments?post=23646"}],"version-history":[{"count":1,"href":"https:\/\/sertv.gob.pa\/crisolfm\/wp-json\/wp\/v2\/posts\/23646\/revisions"}],"predecessor-version":[{"id":23648,"href":"https:\/\/sertv.gob.pa\/crisolfm\/wp-json\/wp\/v2\/posts\/23646\/revisions\/23648"}],"wp:featuredmedia":[{"embeddable":true,"href":"https:\/\/sertv.gob.pa\/crisolfm\/wp-json\/wp\/v2\/media\/23647"}],"wp:attachment":[{"href":"https:\/\/sertv.gob.pa\/crisolfm\/wp-json\/wp\/v2\/media?parent=23646"}],"wp:term":[{"taxonomy":"category","embeddable":true,"href":"https:\/\/sertv.gob.pa\/crisolfm\/wp-json\/wp\/v2\/categories?post=23646"},{"taxonomy":"post_tag","embeddable":true,"href":"https:\/\/sertv.gob.pa\/crisolfm\/wp-json\/wp\/v2\/tags?post=23646"}],"curies":[{"name":"wp","href":"https:\/\/api.w.org\/{rel}","templated":true}]}}