{"id":23649,"date":"2019-10-29T19:40:42","date_gmt":"2019-10-29T19:40:42","guid":{"rendered":"https:\/\/sertv.gob.pa\/crisolfm\/?p=23649"},"modified":"2019-10-29T19:40:42","modified_gmt":"2019-10-29T19:40:42","slug":"rafaga-de-viento-lluvia-y-tormenta-electrica-azota-a-panama-san-miguelito-y-las-afueras","status":"publish","type":"post","link":"https:\/\/sertv.gob.pa\/crisolfm\/rafaga-de-viento-lluvia-y-tormenta-electrica-azota-a-panama-san-miguelito-y-las-afueras\/","title":{"rendered":"R\u00e1faga de viento, lluvia y tormenta el\u00e9ctrica azota a Panam\u00e1, San Miguelito y las afueras"},"content":{"rendered":"<p>Congestionada se hallan las diferentes avenidas en la<strong> ciudad capital,<\/strong> en el <strong>distrito de San Miguelito <\/strong>y las afueras por las fuerte lluvias registradas la tarde de este martes, 29 de octubre. \u00a0En el sector de<strong> Los Andes 2, cerca a El Lago,<\/strong> se reportaron varias casas afectadas por el desborde de una quebrada.<\/p>\n<p>El <strong>Sistema Nacional de Protecci\u00f3n Civil (Sinaproc) <\/strong>emiti\u00f3 una alerta por lluvias de moderadas a fuertes con actividad el\u00e9ctrica y r\u00e1fagas de viento para <strong>Guna Yala; Col\u00f3n, Panam\u00e1 Oeste, Cocl\u00e9, Chiriqu\u00ed, Sur de Veraguas y la Pen\u00ednsula de Azuero hasta la 5:00 p.m.<\/strong><\/p>\n<p>Igualmente, se esperan lluvias ligeras intermitentes en la costa <strong>Norte de Veraguas<\/strong> y el sector insular de<strong> Bocas del Toro.<\/strong><\/p>\n<p>El servicio de transporte <strong>Mi Bus <\/strong>tambi\u00e9n se vio afectado por el cierre en diferentes puntos de la ciudad como V\u00eda Espa\u00f1a, Corredor Sur.<\/p>\n","protected":false},"excerpt":{"rendered":"<p>Congestionada se hallan las diferentes avenidas en la ciudad capital, <a href=\"https:\/\/sertv.gob.pa\/crisolfm\/rafaga-de-viento-lluvia-y-tormenta-electrica-azota-a-panama-san-miguelito-y-las-afueras\/\"> [&#8230;]<\/a><\/p>\n","protected":false},"author":64,"featured_media":23650,"comment_status":"closed","ping_status":"closed","sticky":false,"template":"","format":"standard","meta":{"footnotes":""},"categories":[7],"tags":[],"class_list":["post-23649","post","type-post","status-publish","format-standard","has-post-thumbnail","hentry","category-ecologicas"],"_links":{"self":[{"href":"https:\/\/sertv.gob.pa\/crisolfm\/wp-json\/wp\/v2\/posts\/23649","targetHints":{"allow":["GET"]}}],"collection":[{"href":"https:\/\/sertv.gob.pa\/crisolfm\/wp-json\/wp\/v2\/posts"}],"about":[{"href":"https:\/\/sertv.gob.pa\/crisolfm\/wp-json\/wp\/v2\/types\/post"}],"author":[{"embeddable":true,"href":"https:\/\/sertv.gob.pa\/crisolfm\/wp-json\/wp\/v2\/users\/64"}],"replies":[{"embeddable":true,"href":"https:\/\/sertv.gob.pa\/crisolfm\/wp-json\/wp\/v2\/comments?post=23649"}],"version-history":[{"count":1,"href":"https:\/\/sertv.gob.pa\/crisolfm\/wp-json\/wp\/v2\/posts\/23649\/revisions"}],"predecessor-version":[{"id":23651,"href":"https:\/\/sertv.gob.pa\/crisolfm\/wp-json\/wp\/v2\/posts\/23649\/revisions\/23651"}],"wp:featuredmedia":[{"embeddable":true,"href":"https:\/\/sertv.gob.pa\/crisolfm\/wp-json\/wp\/v2\/media\/23650"}],"wp:attachment":[{"href":"https:\/\/sertv.gob.pa\/crisolfm\/wp-json\/wp\/v2\/media?parent=23649"}],"wp:term":[{"taxonomy":"category","embeddable":true,"href":"https:\/\/sertv.gob.pa\/crisolfm\/wp-json\/wp\/v2\/categories?post=23649"},{"taxonomy":"post_tag","embeddable":true,"href":"https:\/\/sertv.gob.pa\/crisolfm\/wp-json\/wp\/v2\/tags?post=23649"}],"curies":[{"name":"wp","href":"https:\/\/api.w.org\/{rel}","templated":true}]}}