{"id":23654,"date":"2019-10-30T13:18:39","date_gmt":"2019-10-30T13:18:39","guid":{"rendered":"https:\/\/sertv.gob.pa\/crisolfm\/?p=23654"},"modified":"2019-10-30T13:18:39","modified_gmt":"2019-10-30T13:18:39","slug":"feria-del-libro-de-venezuela-tendra-a-china-como-invitado-de-honor","status":"publish","type":"post","link":"https:\/\/sertv.gob.pa\/crisolfm\/feria-del-libro-de-venezuela-tendra-a-china-como-invitado-de-honor\/","title":{"rendered":"Feria del Libro de Venezuela tendr\u00e1 a China como invitado de honor"},"content":{"rendered":"<p>El ministro de Cultura de Venezuela, Ernesto Villegas, ofreci\u00f3 este martes detalles sobre la XV Feria Internacional del Libro de Venezuela (Filven), que tendr\u00e1 a China como pa\u00eds invitado de honor.\u00a0En conferencia de prensa, Villegas resalt\u00f3 que la Filven contar\u00e1 con m\u00e1s de 500 actividades culturales, \u00aby con un pa\u00eds invitado muy amigo de Venezuela, el invitado de honor de este a\u00f1o es la Rep\u00fablica Popular China\u00bb.<\/p>\n<p>\u00abVamos a tener infinidad de conversatorios, proyecciones audiovisuales, va a ser el libro otra vez una perfecta excusa para el despliegue de todas las artes, reunidas alrededor del libro y de la lectura\u00bb, se\u00f1al\u00f3. \u00abEste a\u00f1o tenemos una Feria Internacional del Libro por todo lo alto, para garantizar los derechos culturales del pueblo venezolano, el acceso al libro y a la lectura\u00bb, agreg\u00f3.<\/p>\n<p>El ministro detall\u00f3 que habr\u00e1 cerca de 100 novedades editoriales, y que el escritor homenajeado de este a\u00f1o ser\u00e1 el venezolano Luis Alberto Crespo. Por su parte, el encargado de Negocios de la Embajada de China en Venezuela, Xing Wenju, dijo que la parte china sent\u00eda \u00abhonor y privilegio de participar en la Filven en calidad de pa\u00eds invitado especial de honor\u00bb.<\/p>\n<p>&nbsp;<\/p>\n<p>Xinhua<\/p>\n<p>&nbsp;<\/p>\n","protected":false},"excerpt":{"rendered":"<p>El ministro de Cultura de Venezuela, Ernesto Villegas, ofreci\u00f3 este <a href=\"https:\/\/sertv.gob.pa\/crisolfm\/feria-del-libro-de-venezuela-tendra-a-china-como-invitado-de-honor\/\"> [&#8230;]<\/a><\/p>\n","protected":false},"author":64,"featured_media":23655,"comment_status":"closed","ping_status":"closed","sticky":false,"template":"","format":"standard","meta":{"footnotes":""},"categories":[6],"tags":[],"class_list":["post-23654","post","type-post","status-publish","format-standard","has-post-thumbnail","hentry","category-culturales"],"_links":{"self":[{"href":"https:\/\/sertv.gob.pa\/crisolfm\/wp-json\/wp\/v2\/posts\/23654","targetHints":{"allow":["GET"]}}],"collection":[{"href":"https:\/\/sertv.gob.pa\/crisolfm\/wp-json\/wp\/v2\/posts"}],"about":[{"href":"https:\/\/sertv.gob.pa\/crisolfm\/wp-json\/wp\/v2\/types\/post"}],"author":[{"embeddable":true,"href":"https:\/\/sertv.gob.pa\/crisolfm\/wp-json\/wp\/v2\/users\/64"}],"replies":[{"embeddable":true,"href":"https:\/\/sertv.gob.pa\/crisolfm\/wp-json\/wp\/v2\/comments?post=23654"}],"version-history":[{"count":1,"href":"https:\/\/sertv.gob.pa\/crisolfm\/wp-json\/wp\/v2\/posts\/23654\/revisions"}],"predecessor-version":[{"id":23656,"href":"https:\/\/sertv.gob.pa\/crisolfm\/wp-json\/wp\/v2\/posts\/23654\/revisions\/23656"}],"wp:featuredmedia":[{"embeddable":true,"href":"https:\/\/sertv.gob.pa\/crisolfm\/wp-json\/wp\/v2\/media\/23655"}],"wp:attachment":[{"href":"https:\/\/sertv.gob.pa\/crisolfm\/wp-json\/wp\/v2\/media?parent=23654"}],"wp:term":[{"taxonomy":"category","embeddable":true,"href":"https:\/\/sertv.gob.pa\/crisolfm\/wp-json\/wp\/v2\/categories?post=23654"},{"taxonomy":"post_tag","embeddable":true,"href":"https:\/\/sertv.gob.pa\/crisolfm\/wp-json\/wp\/v2\/tags?post=23654"}],"curies":[{"name":"wp","href":"https:\/\/api.w.org\/{rel}","templated":true}]}}