{"id":23666,"date":"2019-10-30T13:51:02","date_gmt":"2019-10-30T13:51:02","guid":{"rendered":"https:\/\/sertv.gob.pa\/crisolfm\/?p=23666"},"modified":"2019-10-30T13:51:02","modified_gmt":"2019-10-30T13:51:02","slug":"la-demanda-global-de-soja-afecta-la-biodiversidad-en-una-region-de-brasil","status":"publish","type":"post","link":"https:\/\/sertv.gob.pa\/crisolfm\/la-demanda-global-de-soja-afecta-la-biodiversidad-en-una-region-de-brasil\/","title":{"rendered":"La demanda global de soja afecta la biodiversidad en una regi\u00f3n de Brasil"},"content":{"rendered":"<p>La demanda de los mercados mundiales puede ser la causa de m\u00e1s de la mitad del impacto que la creciente producci\u00f3n de soja tiene sobre las especies raras en la sabana Cerrado de Brasil, una de las regiones de mayor diversidad en el planeta, seg\u00fan un estudio que publica este lunes la revista Proceedings of the National Academy of Sciences (PNAS).<\/p>\n<p>El consumo de materias primas agr\u00edcolas que se comercializan globalmente, como la soja y el aceite de palma, es una de las causas primarias de la deforestaci\u00f3n y la p\u00e9rdida de biodiversidad en la regi\u00f3n, que cubre m\u00e1s de 1,9 millones de kil\u00f3metros cuadrados, el 22% del territorio brasile\u00f1o.<\/p>\n<p>El Cerrado, que incluye el estado de Goi\u00e1s, la mayor parte de Mato Grosso, Mato Grosso do Sul y el estado de Tocantins, parte de Minas Gerais, Bah\u00eda, Maranhao y Piaui, tambi\u00e9n se extiende hasta el este de Bolivia, el centro de Paraguay y la provincia de Misiones en Argentina. La regi\u00f3n, que alberga el 5% de todas las especies identificadas en el mundo, se est\u00e1 transformando, sobre todo, por la extensi\u00f3n de la producci\u00f3n agropecuaria.<\/p>\n<p>Paz Dur\u00e1n, del Instituto de Ecolog\u00eda y Biodiversidad en la Universidad Austral de Chile y coautora del estudio, indic\u00f3 que las conclusiones de esta investigaci\u00f3n \u00abresaltan que la p\u00e9rdida local de biodiversidad es un problema global\u00bb.<\/p>\n<p>EFE<\/p>\n","protected":false},"excerpt":{"rendered":"<p>La demanda de los mercados mundiales puede ser la causa <a href=\"https:\/\/sertv.gob.pa\/crisolfm\/la-demanda-global-de-soja-afecta-la-biodiversidad-en-una-region-de-brasil\/\"> [&#8230;]<\/a><\/p>\n","protected":false},"author":64,"featured_media":23667,"comment_status":"closed","ping_status":"closed","sticky":false,"template":"","format":"standard","meta":{"footnotes":""},"categories":[7],"tags":[],"class_list":["post-23666","post","type-post","status-publish","format-standard","has-post-thumbnail","hentry","category-ecologicas"],"_links":{"self":[{"href":"https:\/\/sertv.gob.pa\/crisolfm\/wp-json\/wp\/v2\/posts\/23666","targetHints":{"allow":["GET"]}}],"collection":[{"href":"https:\/\/sertv.gob.pa\/crisolfm\/wp-json\/wp\/v2\/posts"}],"about":[{"href":"https:\/\/sertv.gob.pa\/crisolfm\/wp-json\/wp\/v2\/types\/post"}],"author":[{"embeddable":true,"href":"https:\/\/sertv.gob.pa\/crisolfm\/wp-json\/wp\/v2\/users\/64"}],"replies":[{"embeddable":true,"href":"https:\/\/sertv.gob.pa\/crisolfm\/wp-json\/wp\/v2\/comments?post=23666"}],"version-history":[{"count":1,"href":"https:\/\/sertv.gob.pa\/crisolfm\/wp-json\/wp\/v2\/posts\/23666\/revisions"}],"predecessor-version":[{"id":23668,"href":"https:\/\/sertv.gob.pa\/crisolfm\/wp-json\/wp\/v2\/posts\/23666\/revisions\/23668"}],"wp:featuredmedia":[{"embeddable":true,"href":"https:\/\/sertv.gob.pa\/crisolfm\/wp-json\/wp\/v2\/media\/23667"}],"wp:attachment":[{"href":"https:\/\/sertv.gob.pa\/crisolfm\/wp-json\/wp\/v2\/media?parent=23666"}],"wp:term":[{"taxonomy":"category","embeddable":true,"href":"https:\/\/sertv.gob.pa\/crisolfm\/wp-json\/wp\/v2\/categories?post=23666"},{"taxonomy":"post_tag","embeddable":true,"href":"https:\/\/sertv.gob.pa\/crisolfm\/wp-json\/wp\/v2\/tags?post=23666"}],"curies":[{"name":"wp","href":"https:\/\/api.w.org\/{rel}","templated":true}]}}