{"id":23669,"date":"2019-10-30T14:07:01","date_gmt":"2019-10-30T14:07:01","guid":{"rendered":"https:\/\/sertv.gob.pa\/crisolfm\/?p=23669"},"modified":"2019-10-30T14:07:01","modified_gmt":"2019-10-30T14:07:01","slug":"panama-presenta-su-primer-drama-sobre-la-invasion-estadounidense-de-1989","status":"publish","type":"post","link":"https:\/\/sertv.gob.pa\/crisolfm\/panama-presenta-su-primer-drama-sobre-la-invasion-estadounidense-de-1989\/","title":{"rendered":"Panam\u00e1 presenta su primer drama sobre la invasi\u00f3n estadounidense de 1989"},"content":{"rendered":"<p>Dos cineastas paname\u00f1os buscan recuperar la memoria hist\u00f3rica de su pa\u00eds con el primer largometraje de ficci\u00f3n que relata la invasi\u00f3n estadounidense de 1989, que puso fin al r\u00e9gimen de Manuel Antonio Noriega.<\/p>\n<p>La pel\u00edcula \u00abOperaci\u00f3n Causa Justa\u00bb, de los directores Luis Pacheco y Luis Franco, relata las horas previas y posteriores a la intervenci\u00f3n militar, en una obra de ficci\u00f3n basada en hechos reales.<\/p>\n<p>\u00abEl objetivo principal es mantener viva esa historia para que no se olvide. (La invasi\u00f3n) no es una cosa que se debe dejar a un lado. Todav\u00eda hay una cantidad de temas pendientes por cerrar, sobre todo para las v\u00edctimas y sus familiares\u00bb, dijo Pacheco a la AFP.<\/p>\n<p>La idea es \u00abque se cuente la versi\u00f3n paname\u00f1a de los hechos, una versi\u00f3n que nos contaban los que estuvieron all\u00ed, no es la versi\u00f3n desde afuera\u00bb, a\u00f1adi\u00f3 Pacheco sobre esta producci\u00f3n paname\u00f1a con apoyo colombiano.<\/p>\n<p>AFP<\/p>\n","protected":false},"excerpt":{"rendered":"<p>Dos cineastas paname\u00f1os buscan recuperar la memoria hist\u00f3rica de su <a href=\"https:\/\/sertv.gob.pa\/crisolfm\/panama-presenta-su-primer-drama-sobre-la-invasion-estadounidense-de-1989\/\"> [&#8230;]<\/a><\/p>\n","protected":false},"author":64,"featured_media":23670,"comment_status":"closed","ping_status":"closed","sticky":false,"template":"","format":"standard","meta":{"footnotes":""},"categories":[6],"tags":[],"class_list":["post-23669","post","type-post","status-publish","format-standard","has-post-thumbnail","hentry","category-culturales"],"_links":{"self":[{"href":"https:\/\/sertv.gob.pa\/crisolfm\/wp-json\/wp\/v2\/posts\/23669","targetHints":{"allow":["GET"]}}],"collection":[{"href":"https:\/\/sertv.gob.pa\/crisolfm\/wp-json\/wp\/v2\/posts"}],"about":[{"href":"https:\/\/sertv.gob.pa\/crisolfm\/wp-json\/wp\/v2\/types\/post"}],"author":[{"embeddable":true,"href":"https:\/\/sertv.gob.pa\/crisolfm\/wp-json\/wp\/v2\/users\/64"}],"replies":[{"embeddable":true,"href":"https:\/\/sertv.gob.pa\/crisolfm\/wp-json\/wp\/v2\/comments?post=23669"}],"version-history":[{"count":1,"href":"https:\/\/sertv.gob.pa\/crisolfm\/wp-json\/wp\/v2\/posts\/23669\/revisions"}],"predecessor-version":[{"id":23671,"href":"https:\/\/sertv.gob.pa\/crisolfm\/wp-json\/wp\/v2\/posts\/23669\/revisions\/23671"}],"wp:featuredmedia":[{"embeddable":true,"href":"https:\/\/sertv.gob.pa\/crisolfm\/wp-json\/wp\/v2\/media\/23670"}],"wp:attachment":[{"href":"https:\/\/sertv.gob.pa\/crisolfm\/wp-json\/wp\/v2\/media?parent=23669"}],"wp:term":[{"taxonomy":"category","embeddable":true,"href":"https:\/\/sertv.gob.pa\/crisolfm\/wp-json\/wp\/v2\/categories?post=23669"},{"taxonomy":"post_tag","embeddable":true,"href":"https:\/\/sertv.gob.pa\/crisolfm\/wp-json\/wp\/v2\/tags?post=23669"}],"curies":[{"name":"wp","href":"https:\/\/api.w.org\/{rel}","templated":true}]}}