{"id":23677,"date":"2019-10-30T14:23:25","date_gmt":"2019-10-30T14:23:25","guid":{"rendered":"https:\/\/sertv.gob.pa\/crisolfm\/?p=23677"},"modified":"2019-10-30T14:23:25","modified_gmt":"2019-10-30T14:23:25","slug":"primer-festival-de-la-salamandra-en-chiriqui","status":"publish","type":"post","link":"https:\/\/sertv.gob.pa\/crisolfm\/primer-festival-de-la-salamandra-en-chiriqui\/","title":{"rendered":"Primer Festival de la Salamandra en Chiriqu\u00ed"},"content":{"rendered":"<p>Chiriqu\u00ed acoger\u00e1 a cient\u00edficos internacionales y al p\u00fablico en general en el primer Festival de la Salamandra, del 1 al 3 de noviembre, en los predios del mercado p\u00fablico de Bajo Boquete.<\/p>\n<p>El evento tiene como prop\u00f3sito educar sobre la conservaci\u00f3n de la biodiversidad y que la comunidad conozca a la \u201cBolitoglossa magnifica\u201d, una salamandra que solo habita en Panam\u00e1, en las faldas del Volc\u00e1n Bar\u00fa, explic\u00f3 Luis Rovira, coordinador. Participar\u00e1n en el encuentro bi\u00f3logos de Espa\u00f1a, M\u00e9xico, Francia, Estados Unidos y Colombia, quienes dictar\u00e1n distintos talleres y conversatorios, indic\u00f3 Rovira.<\/p>\n<p>Estudiantes de las escuelas locales expondr\u00e1n sus proyectos creativos, ideados durante las jornadas de docencia que realiz\u00f3 la organizaci\u00f3n Bio-Gu\u00edas Panam\u00e1 OBC, junto a Action Hub+ y el grupo Los Naturalistas, a\u00f1adi\u00f3 Rovira. Destac\u00f3 que durante el primer d\u00eda del ciclo se exhibir\u00e1 una colecci\u00f3n fotogr\u00e1fica, que re\u00fane escenarios de los bosques nacionales y las especies que lo habitan.<\/p>\n<p>Seminarios, concursos de dibujo y c\u00edrculos de di\u00e1logo tendr\u00e1n lugar el d\u00eda dos, y podr\u00e1n asistir todos los interesados en aprender sobre reptiles y anfibios.<\/p>\n<p>&nbsp;<\/p>\n","protected":false},"excerpt":{"rendered":"<p>Chiriqu\u00ed acoger\u00e1 a cient\u00edficos internacionales y al p\u00fablico en general <a href=\"https:\/\/sertv.gob.pa\/crisolfm\/primer-festival-de-la-salamandra-en-chiriqui\/\"> [&#8230;]<\/a><\/p>\n","protected":false},"author":64,"featured_media":23678,"comment_status":"closed","ping_status":"closed","sticky":false,"template":"","format":"standard","meta":{"footnotes":""},"categories":[7],"tags":[],"class_list":["post-23677","post","type-post","status-publish","format-standard","has-post-thumbnail","hentry","category-ecologicas"],"_links":{"self":[{"href":"https:\/\/sertv.gob.pa\/crisolfm\/wp-json\/wp\/v2\/posts\/23677","targetHints":{"allow":["GET"]}}],"collection":[{"href":"https:\/\/sertv.gob.pa\/crisolfm\/wp-json\/wp\/v2\/posts"}],"about":[{"href":"https:\/\/sertv.gob.pa\/crisolfm\/wp-json\/wp\/v2\/types\/post"}],"author":[{"embeddable":true,"href":"https:\/\/sertv.gob.pa\/crisolfm\/wp-json\/wp\/v2\/users\/64"}],"replies":[{"embeddable":true,"href":"https:\/\/sertv.gob.pa\/crisolfm\/wp-json\/wp\/v2\/comments?post=23677"}],"version-history":[{"count":1,"href":"https:\/\/sertv.gob.pa\/crisolfm\/wp-json\/wp\/v2\/posts\/23677\/revisions"}],"predecessor-version":[{"id":23679,"href":"https:\/\/sertv.gob.pa\/crisolfm\/wp-json\/wp\/v2\/posts\/23677\/revisions\/23679"}],"wp:featuredmedia":[{"embeddable":true,"href":"https:\/\/sertv.gob.pa\/crisolfm\/wp-json\/wp\/v2\/media\/23678"}],"wp:attachment":[{"href":"https:\/\/sertv.gob.pa\/crisolfm\/wp-json\/wp\/v2\/media?parent=23677"}],"wp:term":[{"taxonomy":"category","embeddable":true,"href":"https:\/\/sertv.gob.pa\/crisolfm\/wp-json\/wp\/v2\/categories?post=23677"},{"taxonomy":"post_tag","embeddable":true,"href":"https:\/\/sertv.gob.pa\/crisolfm\/wp-json\/wp\/v2\/tags?post=23677"}],"curies":[{"name":"wp","href":"https:\/\/api.w.org\/{rel}","templated":true}]}}