{"id":23698,"date":"2019-10-31T13:26:00","date_gmt":"2019-10-31T13:26:00","guid":{"rendered":"https:\/\/sertv.gob.pa\/crisolfm\/?p=23698"},"modified":"2019-10-31T13:26:00","modified_gmt":"2019-10-31T13:26:00","slug":"en-el-2050-estaran-en-riesgo-300-millones-de-personas-por-subida-del-nivel-del-mar","status":"publish","type":"post","link":"https:\/\/sertv.gob.pa\/crisolfm\/en-el-2050-estaran-en-riesgo-300-millones-de-personas-por-subida-del-nivel-del-mar\/","title":{"rendered":"En el 2050 estar\u00e1n en riesgo 300 millones de personas por subida del nivel del mar"},"content":{"rendered":"<p><strong>A partir de 2050 se inundar\u00e1n cada a\u00f1o zonas costeras en las que ahora viven 300 millones de personas. O al menos lo har\u00e1n si no se toman medidas de contenci\u00f3n del agua, como diques y muros. Es una de las consecuencias m\u00e1s directas del ya imparable aumento del nivel del mar debido al cambio clim\u00e1tico. Esos 300 millones de afectados son el triple de lo que se hab\u00eda estimado hasta ahora con los modelos de predicci\u00f3n habituales, seg\u00fan destaca un estudio publicado por el diario El Pa\u00eds de Espa\u00f1a este martes, se basado en una investigaci\u00f3n de Nature Communications.<\/strong><\/p>\n<p>Asia es sin duda el \u00e1rea m\u00e1s afectada. Pero en Espa\u00f1a tambi\u00e9n habr\u00e1 impactos: alrededor de 200.000 personas residen ahora en zonas que a partir de 2050 estar\u00e1n expuestas a esas inundaciones anuales. En la zona roja del mapa de riesgo \u2013elaborado por los autores del informe y la organizaci\u00f3n Climate Central\u2013hay \u00e1reas importantes por su valor econ\u00f3mico y natural como Do\u00f1ana,el delta del Ebro, la Manga del Mar Menor y municipios de C\u00e1diz y Huelva.<\/p>\n<p><strong>El aumento del nivel del mar es ya uno de los impactos irreversibles del cambio clim\u00e1tico que el ser humano ha desencadenado con las emisiones de gases de efecto invernadero que sobrecalientan el planeta<\/strong>, seg\u00fan la mayor\u00eda de los cient\u00edficos. El nivel del mar seguir\u00e1 aumentando principalmente por el deshielo en los polos, como advert\u00eda un reciente informe del IPCC, el panel de expertos internacionales que asesora a la ONU.<\/p>\n<p>&nbsp;<\/p>\n","protected":false},"excerpt":{"rendered":"<p>A partir de 2050 se inundar\u00e1n cada a\u00f1o zonas costeras <a href=\"https:\/\/sertv.gob.pa\/crisolfm\/en-el-2050-estaran-en-riesgo-300-millones-de-personas-por-subida-del-nivel-del-mar\/\"> [&#8230;]<\/a><\/p>\n","protected":false},"author":64,"featured_media":23699,"comment_status":"closed","ping_status":"closed","sticky":false,"template":"","format":"standard","meta":{"footnotes":""},"categories":[7],"tags":[],"class_list":["post-23698","post","type-post","status-publish","format-standard","has-post-thumbnail","hentry","category-ecologicas"],"_links":{"self":[{"href":"https:\/\/sertv.gob.pa\/crisolfm\/wp-json\/wp\/v2\/posts\/23698","targetHints":{"allow":["GET"]}}],"collection":[{"href":"https:\/\/sertv.gob.pa\/crisolfm\/wp-json\/wp\/v2\/posts"}],"about":[{"href":"https:\/\/sertv.gob.pa\/crisolfm\/wp-json\/wp\/v2\/types\/post"}],"author":[{"embeddable":true,"href":"https:\/\/sertv.gob.pa\/crisolfm\/wp-json\/wp\/v2\/users\/64"}],"replies":[{"embeddable":true,"href":"https:\/\/sertv.gob.pa\/crisolfm\/wp-json\/wp\/v2\/comments?post=23698"}],"version-history":[{"count":1,"href":"https:\/\/sertv.gob.pa\/crisolfm\/wp-json\/wp\/v2\/posts\/23698\/revisions"}],"predecessor-version":[{"id":23700,"href":"https:\/\/sertv.gob.pa\/crisolfm\/wp-json\/wp\/v2\/posts\/23698\/revisions\/23700"}],"wp:featuredmedia":[{"embeddable":true,"href":"https:\/\/sertv.gob.pa\/crisolfm\/wp-json\/wp\/v2\/media\/23699"}],"wp:attachment":[{"href":"https:\/\/sertv.gob.pa\/crisolfm\/wp-json\/wp\/v2\/media?parent=23698"}],"wp:term":[{"taxonomy":"category","embeddable":true,"href":"https:\/\/sertv.gob.pa\/crisolfm\/wp-json\/wp\/v2\/categories?post=23698"},{"taxonomy":"post_tag","embeddable":true,"href":"https:\/\/sertv.gob.pa\/crisolfm\/wp-json\/wp\/v2\/tags?post=23698"}],"curies":[{"name":"wp","href":"https:\/\/api.w.org\/{rel}","templated":true}]}}