{"id":23714,"date":"2019-10-31T14:23:57","date_gmt":"2019-10-31T14:23:57","guid":{"rendered":"https:\/\/sertv.gob.pa\/crisolfm\/?p=23714"},"modified":"2019-10-31T14:23:57","modified_gmt":"2019-10-31T14:23:57","slug":"panama-fue-sede-de-diversidad-culinaria-y-cultural-en-fiesta-alrededor-del-mundo","status":"publish","type":"post","link":"https:\/\/sertv.gob.pa\/crisolfm\/panama-fue-sede-de-diversidad-culinaria-y-cultural-en-fiesta-alrededor-del-mundo\/","title":{"rendered":"Panam\u00e1 fue sede de diversidad culinaria y cultural en \u201cFiesta Alrededor del Mundo\u201d"},"content":{"rendered":"<p>En \u201cFiesta Alrededor del Mundo\u201d, actividad organizada por la Caravana de Asistencia Social, Damas Diplom\u00e1ticas y Paname\u00f1as, participaron cerca de 51 comunidades extranjeras, residentes en Panam\u00e1, las cuales sumaron su apoyo al proyecto social insignia de esta versi\u00f3n.\u00a0 Lo recaudado en esta jornada ser\u00e1 destinado a la adecuaci\u00f3n del primer parvulario para hijos de madres adolescentes, en el Centro Las Claras, de Felipillo, manifest\u00f3 Carla Stanziola de De Sanctis, presidenta de esta organizaci\u00f3n. Igualmente detall\u00f3 que, se equipar\u00e1 el Centro de Lactancia Materna del Hospital del Ni\u00f1o.<\/p>\n<p>A la gala asisti\u00f3 la primera dama del pa\u00eds Yazm\u00edn Col\u00f3n de Cortizo, quien inaugur\u00f3 las exposiciones y reafirm\u00f3 su compromiso con la infancia paname\u00f1a. \u201cEs hermoso ver la uni\u00f3n de tantos pa\u00edses por una causa ben\u00e9fica. Se respira armon\u00eda y eso es lo que nos representa\u201d, expres\u00f3 de Cortizo. \u00a0Asimismo, Monse\u00f1or Jos\u00e9 Domingo Ulloa, quien visit\u00f3 la feria, manifest\u00f3 que esta obra es ejemplo de hermandad y solidaridad entre las naciones.<\/p>\n<p>M\u00e9xico, Portugal, Espa\u00f1a, Brasil, Honduras, Polonia, China, Grecia, Israel, Italia, Finlandia y Guatemala, fueron algunos de los pa\u00edses\u00a0que compartieron con todos los visitantes sus platos y cantos t\u00edpicos. Adem\u00e1s, artistas de distintas nacionalidades se presentaron en la tarima de espect\u00e1culos, en donde interpretaron cantos y bailes folcl\u00f3ricos.<\/p>\n<p>&nbsp;<\/p>\n","protected":false},"excerpt":{"rendered":"<p>En \u201cFiesta Alrededor del Mundo\u201d, actividad organizada por la Caravana <a href=\"https:\/\/sertv.gob.pa\/crisolfm\/panama-fue-sede-de-diversidad-culinaria-y-cultural-en-fiesta-alrededor-del-mundo\/\"> [&#8230;]<\/a><\/p>\n","protected":false},"author":64,"featured_media":23715,"comment_status":"closed","ping_status":"closed","sticky":false,"template":"","format":"standard","meta":{"footnotes":""},"categories":[6],"tags":[],"class_list":["post-23714","post","type-post","status-publish","format-standard","has-post-thumbnail","hentry","category-culturales"],"_links":{"self":[{"href":"https:\/\/sertv.gob.pa\/crisolfm\/wp-json\/wp\/v2\/posts\/23714","targetHints":{"allow":["GET"]}}],"collection":[{"href":"https:\/\/sertv.gob.pa\/crisolfm\/wp-json\/wp\/v2\/posts"}],"about":[{"href":"https:\/\/sertv.gob.pa\/crisolfm\/wp-json\/wp\/v2\/types\/post"}],"author":[{"embeddable":true,"href":"https:\/\/sertv.gob.pa\/crisolfm\/wp-json\/wp\/v2\/users\/64"}],"replies":[{"embeddable":true,"href":"https:\/\/sertv.gob.pa\/crisolfm\/wp-json\/wp\/v2\/comments?post=23714"}],"version-history":[{"count":1,"href":"https:\/\/sertv.gob.pa\/crisolfm\/wp-json\/wp\/v2\/posts\/23714\/revisions"}],"predecessor-version":[{"id":23716,"href":"https:\/\/sertv.gob.pa\/crisolfm\/wp-json\/wp\/v2\/posts\/23714\/revisions\/23716"}],"wp:featuredmedia":[{"embeddable":true,"href":"https:\/\/sertv.gob.pa\/crisolfm\/wp-json\/wp\/v2\/media\/23715"}],"wp:attachment":[{"href":"https:\/\/sertv.gob.pa\/crisolfm\/wp-json\/wp\/v2\/media?parent=23714"}],"wp:term":[{"taxonomy":"category","embeddable":true,"href":"https:\/\/sertv.gob.pa\/crisolfm\/wp-json\/wp\/v2\/categories?post=23714"},{"taxonomy":"post_tag","embeddable":true,"href":"https:\/\/sertv.gob.pa\/crisolfm\/wp-json\/wp\/v2\/tags?post=23714"}],"curies":[{"name":"wp","href":"https:\/\/api.w.org\/{rel}","templated":true}]}}