{"id":23720,"date":"2019-10-31T14:41:21","date_gmt":"2019-10-31T14:41:21","guid":{"rendered":"https:\/\/sertv.gob.pa\/crisolfm\/?p=23720"},"modified":"2019-10-31T14:41:21","modified_gmt":"2019-10-31T14:41:21","slug":"elodia-munoz-presenta-su-libro-vivir-sin-ena","status":"publish","type":"post","link":"https:\/\/sertv.gob.pa\/crisolfm\/elodia-munoz-presenta-su-libro-vivir-sin-ena\/","title":{"rendered":"Elodia Mu\u00f1oz presenta su libro \u00abVivir sin Ena\u00bb"},"content":{"rendered":"<p>La presentaci\u00f3n del libro \u201cVivir sin Ena\u201d, de la escritora y Relacionista P\u00fablico Elodia Mu\u00f1oz, fue parte de la clausura de la primera Jornada de Relacionistas P\u00fablicos en Panam\u00e1, evento que se llev\u00f3 a cabo en el auditorio de la Loter\u00eda Nacional de Beneficencia.<\/p>\n<p>Este libro relata las an\u00e9cdotas y adversidades de una mujer con discapacidad visual, y la p\u00e9rdida de su madre. \u201cEs un libro motivacional, que a pesar de una condici\u00f3n de discapacidad se puede salir adelante, trabajar, educarse, tener familia y reincorporarse a la vida activa de un pa\u00eds\u201d, cont\u00f3 la escritora. Parte de los prop\u00f3sitos de la escritora es poder publicar el libro, en sistema braille.<\/p>\n<p>Durante el acto, el Viceministro de Cultura, Gabriel Gonz\u00e1lez, entreg\u00f3 un reconocimiento a la escritora Elodia Mu\u00f1oz, por su participaci\u00f3n de esta primera jornada donde se incluy\u00f3 el emprendimiento y la inclusi\u00f3n.<\/p>\n<p>&nbsp;<\/p>\n","protected":false},"excerpt":{"rendered":"<p>La presentaci\u00f3n del libro \u201cVivir sin Ena\u201d, de la escritora <a href=\"https:\/\/sertv.gob.pa\/crisolfm\/elodia-munoz-presenta-su-libro-vivir-sin-ena\/\"> [&#8230;]<\/a><\/p>\n","protected":false},"author":64,"featured_media":23721,"comment_status":"closed","ping_status":"closed","sticky":false,"template":"","format":"standard","meta":{"footnotes":""},"categories":[6],"tags":[],"class_list":["post-23720","post","type-post","status-publish","format-standard","has-post-thumbnail","hentry","category-culturales"],"_links":{"self":[{"href":"https:\/\/sertv.gob.pa\/crisolfm\/wp-json\/wp\/v2\/posts\/23720","targetHints":{"allow":["GET"]}}],"collection":[{"href":"https:\/\/sertv.gob.pa\/crisolfm\/wp-json\/wp\/v2\/posts"}],"about":[{"href":"https:\/\/sertv.gob.pa\/crisolfm\/wp-json\/wp\/v2\/types\/post"}],"author":[{"embeddable":true,"href":"https:\/\/sertv.gob.pa\/crisolfm\/wp-json\/wp\/v2\/users\/64"}],"replies":[{"embeddable":true,"href":"https:\/\/sertv.gob.pa\/crisolfm\/wp-json\/wp\/v2\/comments?post=23720"}],"version-history":[{"count":1,"href":"https:\/\/sertv.gob.pa\/crisolfm\/wp-json\/wp\/v2\/posts\/23720\/revisions"}],"predecessor-version":[{"id":23722,"href":"https:\/\/sertv.gob.pa\/crisolfm\/wp-json\/wp\/v2\/posts\/23720\/revisions\/23722"}],"wp:featuredmedia":[{"embeddable":true,"href":"https:\/\/sertv.gob.pa\/crisolfm\/wp-json\/wp\/v2\/media\/23721"}],"wp:attachment":[{"href":"https:\/\/sertv.gob.pa\/crisolfm\/wp-json\/wp\/v2\/media?parent=23720"}],"wp:term":[{"taxonomy":"category","embeddable":true,"href":"https:\/\/sertv.gob.pa\/crisolfm\/wp-json\/wp\/v2\/categories?post=23720"},{"taxonomy":"post_tag","embeddable":true,"href":"https:\/\/sertv.gob.pa\/crisolfm\/wp-json\/wp\/v2\/tags?post=23720"}],"curies":[{"name":"wp","href":"https:\/\/api.w.org\/{rel}","templated":true}]}}