{"id":23730,"date":"2019-10-31T15:24:15","date_gmt":"2019-10-31T15:24:15","guid":{"rendered":"https:\/\/sertv.gob.pa\/crisolfm\/?p=23730"},"modified":"2019-10-31T15:24:15","modified_gmt":"2019-10-31T15:24:15","slug":"la-livewiretm-la-primera-motocicleta-100-electrica-de-harley-davidson","status":"publish","type":"post","link":"https:\/\/sertv.gob.pa\/crisolfm\/la-livewiretm-la-primera-motocicleta-100-electrica-de-harley-davidson\/","title":{"rendered":"La LiveWireTM, la primera motocicleta 100% el\u00e9ctrica de Harley-Davidson"},"content":{"rendered":"<p>La LiveWire<sup>TM<\/sup>, la primera motocicleta 100% el\u00e9ctrica de Harley-Davidson, se exhibir\u00e1 en primicia en Expoelectric, la feria de la movilidad el\u00e9ctrica y las energ\u00edas renovables que se celebrar\u00e1 este <strong>pr\u00f3ximo fin de semana en Barcelona<\/strong>. Todos los amantes de las dos ruedas est\u00e1n de enhorabuena y preparados para vivir sensaciones de alto voltaje.<\/p>\n<p>Los asistentes que lo deseen no solo podr\u00e1n ver de cerca el nuevo modelo de la marca, sino que, adem\u00e1s, podr\u00e1n vivir la experiencia de sentir su conducci\u00f3n gracias al simulador Harley-Davidson\u00ae\u00a0Jumpstart<sup>TM<\/sup>, que estar\u00e1 habilitado en el estand de la marca los d\u00edas <strong>2 y 3 de noviembre<\/strong>.\u00a0 El nuevo modelo de la firma de Milwaukee, que por primera vez participa en un evento en nuestro pa\u00eds, es toda una declaraci\u00f3n de intenciones de la compa\u00f1\u00eda americana. Una motocicleta estimulante, de evocador dise\u00f1o, que ofrece al usuario una experiencia de altas prestaciones gracias a las \u00faltimas innovaciones tecnol\u00f3gicas, pero que conserva el aspecto y la calidad de todo producto Harley-Davidson.<\/p>\n<p>Marta Suri\u00f1ach, Country Manager en Espa\u00f1a de Harley-Davidson:\u00a0<em>\u201cNuestra participaci\u00f3n en Expoelectric es una muestra m\u00e1s de nuestro s\u00f3lido compromiso con la movilidad el\u00e9ctrica. Este evento, que se ha\u00a0convertido en el referente en movilidad el\u00e9ctrica del sur de Europa,\u00a0es un\u00a0emplazamiento inmejorable para exhibir la nueva LiveWire<sup>TM<\/sup>. A lo largo de los dos d\u00edas de exposici\u00f3n todos los aficionados tendr\u00e1n la oportunidad de sentir la conducci\u00f3n de la primera Harley-Davison 100% el\u00e9ctrica\u201d.<\/em><\/p>\n<p>ECOticias<\/p>\n","protected":false},"excerpt":{"rendered":"<p>La LiveWireTM, la primera motocicleta 100% el\u00e9ctrica de Harley-Davidson, se <a href=\"https:\/\/sertv.gob.pa\/crisolfm\/la-livewiretm-la-primera-motocicleta-100-electrica-de-harley-davidson\/\"> [&#8230;]<\/a><\/p>\n","protected":false},"author":64,"featured_media":23731,"comment_status":"closed","ping_status":"closed","sticky":false,"template":"","format":"standard","meta":{"footnotes":""},"categories":[7],"tags":[],"class_list":["post-23730","post","type-post","status-publish","format-standard","has-post-thumbnail","hentry","category-ecologicas"],"_links":{"self":[{"href":"https:\/\/sertv.gob.pa\/crisolfm\/wp-json\/wp\/v2\/posts\/23730","targetHints":{"allow":["GET"]}}],"collection":[{"href":"https:\/\/sertv.gob.pa\/crisolfm\/wp-json\/wp\/v2\/posts"}],"about":[{"href":"https:\/\/sertv.gob.pa\/crisolfm\/wp-json\/wp\/v2\/types\/post"}],"author":[{"embeddable":true,"href":"https:\/\/sertv.gob.pa\/crisolfm\/wp-json\/wp\/v2\/users\/64"}],"replies":[{"embeddable":true,"href":"https:\/\/sertv.gob.pa\/crisolfm\/wp-json\/wp\/v2\/comments?post=23730"}],"version-history":[{"count":1,"href":"https:\/\/sertv.gob.pa\/crisolfm\/wp-json\/wp\/v2\/posts\/23730\/revisions"}],"predecessor-version":[{"id":23732,"href":"https:\/\/sertv.gob.pa\/crisolfm\/wp-json\/wp\/v2\/posts\/23730\/revisions\/23732"}],"wp:featuredmedia":[{"embeddable":true,"href":"https:\/\/sertv.gob.pa\/crisolfm\/wp-json\/wp\/v2\/media\/23731"}],"wp:attachment":[{"href":"https:\/\/sertv.gob.pa\/crisolfm\/wp-json\/wp\/v2\/media?parent=23730"}],"wp:term":[{"taxonomy":"category","embeddable":true,"href":"https:\/\/sertv.gob.pa\/crisolfm\/wp-json\/wp\/v2\/categories?post=23730"},{"taxonomy":"post_tag","embeddable":true,"href":"https:\/\/sertv.gob.pa\/crisolfm\/wp-json\/wp\/v2\/tags?post=23730"}],"curies":[{"name":"wp","href":"https:\/\/api.w.org\/{rel}","templated":true}]}}