{"id":23736,"date":"2019-10-31T15:39:23","date_gmt":"2019-10-31T15:39:23","guid":{"rendered":"https:\/\/sertv.gob.pa\/crisolfm\/?p=23736"},"modified":"2019-10-31T15:39:23","modified_gmt":"2019-10-31T15:39:23","slug":"chile-renuncia-a-celebrar-la-cumbre-del-clima","status":"publish","type":"post","link":"https:\/\/sertv.gob.pa\/crisolfm\/chile-renuncia-a-celebrar-la-cumbre-del-clima\/","title":{"rendered":"Chile renuncia a celebrar la Cumbre del Clima"},"content":{"rendered":"<p>Por primera vez, el pa\u00eds anfitri\u00f3n de la Conferencia de las Partes de la Convenci\u00f3n Marco de las Naciones Unidas sobre el Cambio Clim\u00e1tico (CMNUCC) renuncia a acoger esta reuni\u00f3n poco tiempo antes de su celebraci\u00f3n. <strong>Sebasti\u00e1n Pi\u00f1era<\/strong>, presidente de Chile \u2013pa\u00eds en el que estaba programado que tuviese lugar la COP25 el pr\u00f3ximo diciembre\u2013 ha anunciado hoy que no acoger\u00e1 la reuni\u00f3n \u201cconsiderando que nuestra primera prioridad como gobierno es concentrarnos absolutamente en restablecer el orden p\u00fablico, la seguridad ciudadana y la paz social\u201d.<\/p>\n<p>El pasado mes de abril se anunci\u00f3 que, tras la renuncia de Brasil, esta 25\u00aa Conferencia de las Partes se celebrar\u00eda en la capital chilena entre los d\u00edas 2 al 13 de diciembre.<\/p>\n<p>\u201cNuestro gobierno, y con profundo dolor, porque este es un dolor para Chile, ha resuelto no realizar la cumbre de APEC [Foro de Cooperaci\u00f3n Econ\u00f3mica Asia-Pac\u00edfico], que estaba programada para el mes de noviembre y tampoco la cumbre de la COP, programada para el mes de diciembre. <strong>Sentimos y lamentamos profundamente los problemas <\/strong>y los inconvenientes que esta decisi\u00f3n va a significar\u201d, ha explicado el mandatario en un anuncio junto a la Ministra de Medio Ambiente Carolina Schmidt y el Canciller Teodoro Rivera.<\/p>\n<p>ECOticias<\/p>\n","protected":false},"excerpt":{"rendered":"<p>Por primera vez, el pa\u00eds anfitri\u00f3n de la Conferencia de <a href=\"https:\/\/sertv.gob.pa\/crisolfm\/chile-renuncia-a-celebrar-la-cumbre-del-clima\/\"> [&#8230;]<\/a><\/p>\n","protected":false},"author":64,"featured_media":23737,"comment_status":"closed","ping_status":"closed","sticky":false,"template":"","format":"standard","meta":{"footnotes":""},"categories":[7],"tags":[],"class_list":["post-23736","post","type-post","status-publish","format-standard","has-post-thumbnail","hentry","category-ecologicas"],"_links":{"self":[{"href":"https:\/\/sertv.gob.pa\/crisolfm\/wp-json\/wp\/v2\/posts\/23736","targetHints":{"allow":["GET"]}}],"collection":[{"href":"https:\/\/sertv.gob.pa\/crisolfm\/wp-json\/wp\/v2\/posts"}],"about":[{"href":"https:\/\/sertv.gob.pa\/crisolfm\/wp-json\/wp\/v2\/types\/post"}],"author":[{"embeddable":true,"href":"https:\/\/sertv.gob.pa\/crisolfm\/wp-json\/wp\/v2\/users\/64"}],"replies":[{"embeddable":true,"href":"https:\/\/sertv.gob.pa\/crisolfm\/wp-json\/wp\/v2\/comments?post=23736"}],"version-history":[{"count":1,"href":"https:\/\/sertv.gob.pa\/crisolfm\/wp-json\/wp\/v2\/posts\/23736\/revisions"}],"predecessor-version":[{"id":23738,"href":"https:\/\/sertv.gob.pa\/crisolfm\/wp-json\/wp\/v2\/posts\/23736\/revisions\/23738"}],"wp:featuredmedia":[{"embeddable":true,"href":"https:\/\/sertv.gob.pa\/crisolfm\/wp-json\/wp\/v2\/media\/23737"}],"wp:attachment":[{"href":"https:\/\/sertv.gob.pa\/crisolfm\/wp-json\/wp\/v2\/media?parent=23736"}],"wp:term":[{"taxonomy":"category","embeddable":true,"href":"https:\/\/sertv.gob.pa\/crisolfm\/wp-json\/wp\/v2\/categories?post=23736"},{"taxonomy":"post_tag","embeddable":true,"href":"https:\/\/sertv.gob.pa\/crisolfm\/wp-json\/wp\/v2\/tags?post=23736"}],"curies":[{"name":"wp","href":"https:\/\/api.w.org\/{rel}","templated":true}]}}