{"id":23747,"date":"2019-11-01T14:02:13","date_gmt":"2019-11-01T14:02:13","guid":{"rendered":"https:\/\/sertv.gob.pa\/crisolfm\/?p=23747"},"modified":"2019-11-01T14:02:13","modified_gmt":"2019-11-01T14:02:13","slug":"el-joven-rembrandt-el-camino-desde-los-experimentos-a-las-obras-maestras","status":"publish","type":"post","link":"https:\/\/sertv.gob.pa\/crisolfm\/el-joven-rembrandt-el-camino-desde-los-experimentos-a-las-obras-maestras\/","title":{"rendered":"El joven Rembrandt, el camino desde los experimentos a las obras maestras"},"content":{"rendered":"<p>La estrella del arte holand\u00e9s, Rembrandt van Rijn, naci\u00f3 en Leiden, la ciudad holandesa que vio florecer y desarrollarse hace 400 a\u00f1os el talento excepcional de este pintor del Siglo de Oro, cuyas 120 primeras obras se exponen desde este jueves en el Museo Lakenhal de Holanda.<\/p>\n<p>Esta muestra dedicada a la primera d\u00e9cada de Rembrandt como artista, cuando ten\u00eda entre 18 y 28 a\u00f1os, es la final del a\u00f1o tem\u00e1tico nacional, dedicado a celebrar el 350 aniversario del fallecimiento del pintor con diferentes actividades, como el duelo, a\u00fan en exposici\u00f3n, entre \u00abRembrandt y Vel\u00e1zquez\u00bb, en el Rijksmuseum de \u00c1msterdam.<\/p>\n<p>El Lakenhal, que abre al p\u00fablico esta muestra el pr\u00f3ximo s\u00e1bado bajo el t \u00edtulo \u00abEl joven Rembrandt, una estrella en ascenso\u00bb, recupera obras pintadas hace cuatro siglos en Leiden, su lugar de nacimiento, por lo que presenta m\u00e1s de 40 pinturas, 70 grabados y 10 dibujos, incluida una serie de piezas que nunca antes hab\u00eda sido expuesta.<\/p>\n<p>EFE<\/p>\n","protected":false},"excerpt":{"rendered":"<p>La estrella del arte holand\u00e9s, Rembrandt van Rijn, naci\u00f3 en <a href=\"https:\/\/sertv.gob.pa\/crisolfm\/el-joven-rembrandt-el-camino-desde-los-experimentos-a-las-obras-maestras\/\"> [&#8230;]<\/a><\/p>\n","protected":false},"author":64,"featured_media":23748,"comment_status":"closed","ping_status":"closed","sticky":false,"template":"","format":"standard","meta":{"footnotes":""},"categories":[6],"tags":[],"class_list":["post-23747","post","type-post","status-publish","format-standard","has-post-thumbnail","hentry","category-culturales"],"_links":{"self":[{"href":"https:\/\/sertv.gob.pa\/crisolfm\/wp-json\/wp\/v2\/posts\/23747","targetHints":{"allow":["GET"]}}],"collection":[{"href":"https:\/\/sertv.gob.pa\/crisolfm\/wp-json\/wp\/v2\/posts"}],"about":[{"href":"https:\/\/sertv.gob.pa\/crisolfm\/wp-json\/wp\/v2\/types\/post"}],"author":[{"embeddable":true,"href":"https:\/\/sertv.gob.pa\/crisolfm\/wp-json\/wp\/v2\/users\/64"}],"replies":[{"embeddable":true,"href":"https:\/\/sertv.gob.pa\/crisolfm\/wp-json\/wp\/v2\/comments?post=23747"}],"version-history":[{"count":1,"href":"https:\/\/sertv.gob.pa\/crisolfm\/wp-json\/wp\/v2\/posts\/23747\/revisions"}],"predecessor-version":[{"id":23749,"href":"https:\/\/sertv.gob.pa\/crisolfm\/wp-json\/wp\/v2\/posts\/23747\/revisions\/23749"}],"wp:featuredmedia":[{"embeddable":true,"href":"https:\/\/sertv.gob.pa\/crisolfm\/wp-json\/wp\/v2\/media\/23748"}],"wp:attachment":[{"href":"https:\/\/sertv.gob.pa\/crisolfm\/wp-json\/wp\/v2\/media?parent=23747"}],"wp:term":[{"taxonomy":"category","embeddable":true,"href":"https:\/\/sertv.gob.pa\/crisolfm\/wp-json\/wp\/v2\/categories?post=23747"},{"taxonomy":"post_tag","embeddable":true,"href":"https:\/\/sertv.gob.pa\/crisolfm\/wp-json\/wp\/v2\/tags?post=23747"}],"curies":[{"name":"wp","href":"https:\/\/api.w.org\/{rel}","templated":true}]}}