{"id":23776,"date":"2019-11-01T15:37:00","date_gmt":"2019-11-01T15:37:00","guid":{"rendered":"https:\/\/sertv.gob.pa\/crisolfm\/?p=23776"},"modified":"2019-11-01T15:37:00","modified_gmt":"2019-11-01T15:37:00","slug":"la-venta-de-coches-de-gas-al-alza","status":"publish","type":"post","link":"https:\/\/sertv.gob.pa\/crisolfm\/la-venta-de-coches-de-gas-al-alza\/","title":{"rendered":"La venta de coches de gas \u2018al alza\u2019"},"content":{"rendered":"<p>Entre enero y septiembre, las ventas de este tipo de veh\u00edculo<strong> han crecido m\u00e1s del 65%<\/strong> respecto al mismo periodo del ejercicio precedente, hasta 21.766 unidades, superando ya las cifras de todo el ejercicio anterior.<\/p>\n<p>\u00abEspa\u00f1a comenz\u00f3 2018 con 55.000 veh\u00edculos de autogas en las carreteras y finalizar\u00e1 2019 con alrededor de 115.000 unidades\u00bb. \u00abEn otras palabras, la cifra de veh\u00edculos de autogas en nuestro pa\u00eds se ha duplicado en apenas 24 meses\u00bb, se\u00f1al\u00f3 el director general del Cl\u00faster Autogas, Jos\u00e9 Luis Blanco, durante el III Foro Autogas, celebrado en Madrid.<\/p>\n<p>Durante el evento, los representantes de los sectores p\u00fablico y privado coincidieron en que el gas de automoci\u00f3n es una opci\u00f3n que puede jugar un \u00abpapel decisivo\u00bb para alcanzar los objetivos de <strong>reducci\u00f3n de emisiones<\/strong>.<\/p>\n<p>ECOticias<\/p>\n","protected":false},"excerpt":{"rendered":"<p>Entre enero y septiembre, las ventas de este tipo de <a href=\"https:\/\/sertv.gob.pa\/crisolfm\/la-venta-de-coches-de-gas-al-alza\/\"> [&#8230;]<\/a><\/p>\n","protected":false},"author":64,"featured_media":23777,"comment_status":"closed","ping_status":"closed","sticky":false,"template":"","format":"standard","meta":{"footnotes":""},"categories":[7],"tags":[],"class_list":["post-23776","post","type-post","status-publish","format-standard","has-post-thumbnail","hentry","category-ecologicas"],"_links":{"self":[{"href":"https:\/\/sertv.gob.pa\/crisolfm\/wp-json\/wp\/v2\/posts\/23776","targetHints":{"allow":["GET"]}}],"collection":[{"href":"https:\/\/sertv.gob.pa\/crisolfm\/wp-json\/wp\/v2\/posts"}],"about":[{"href":"https:\/\/sertv.gob.pa\/crisolfm\/wp-json\/wp\/v2\/types\/post"}],"author":[{"embeddable":true,"href":"https:\/\/sertv.gob.pa\/crisolfm\/wp-json\/wp\/v2\/users\/64"}],"replies":[{"embeddable":true,"href":"https:\/\/sertv.gob.pa\/crisolfm\/wp-json\/wp\/v2\/comments?post=23776"}],"version-history":[{"count":1,"href":"https:\/\/sertv.gob.pa\/crisolfm\/wp-json\/wp\/v2\/posts\/23776\/revisions"}],"predecessor-version":[{"id":23778,"href":"https:\/\/sertv.gob.pa\/crisolfm\/wp-json\/wp\/v2\/posts\/23776\/revisions\/23778"}],"wp:featuredmedia":[{"embeddable":true,"href":"https:\/\/sertv.gob.pa\/crisolfm\/wp-json\/wp\/v2\/media\/23777"}],"wp:attachment":[{"href":"https:\/\/sertv.gob.pa\/crisolfm\/wp-json\/wp\/v2\/media?parent=23776"}],"wp:term":[{"taxonomy":"category","embeddable":true,"href":"https:\/\/sertv.gob.pa\/crisolfm\/wp-json\/wp\/v2\/categories?post=23776"},{"taxonomy":"post_tag","embeddable":true,"href":"https:\/\/sertv.gob.pa\/crisolfm\/wp-json\/wp\/v2\/tags?post=23776"}],"curies":[{"name":"wp","href":"https:\/\/api.w.org\/{rel}","templated":true}]}}