{"id":23780,"date":"2019-11-01T19:41:34","date_gmt":"2019-11-01T19:41:34","guid":{"rendered":"https:\/\/sertv.gob.pa\/crisolfm\/?p=23780"},"modified":"2019-11-01T19:41:34","modified_gmt":"2019-11-01T19:41:34","slug":"onu-confirma-a-madrid-como-sede-de-la-conferencia-del-clima-cop-25","status":"publish","type":"post","link":"https:\/\/sertv.gob.pa\/crisolfm\/onu-confirma-a-madrid-como-sede-de-la-conferencia-del-clima-cop-25\/","title":{"rendered":"ONU confirma a Madrid como sede de la Conferencia del Clima COP-25"},"content":{"rendered":"<p>Naciones Unidas confirm\u00f3 este viernes que Madrid ser\u00e1 la sede de la pr\u00f3xima cumbre del clima (COP-25) despu\u00e9s de que Chile rehusara a recibirla por la ola de protestas que vive.<\/p>\n<p>\u00abNos complace anunciar que la Mesa de la COP ha acordado que la COP-25 tendr\u00e1 lugar del 2 al 13 de diciembre en Madrid, Espa\u00f1a\u00bb, indic\u00f3 en un comunicado Patricia Espinosa, titular de la Secretar\u00eda de la ONU sobre Cambio Clim\u00e1tico.<\/p>\n<p><strong>Estaba previsto que la cumbre se celebrara en Chile,<\/strong> pero el estallido social que sumi\u00f3 al pa\u00eds en la mayor crisis pol\u00edtica y social desde su retorno a la democracia en 1990 llev\u00f3 al presidente, Sebasti\u00e1n Pi\u00f1era, a cancelar la cita.<\/p>\n<p>BBC<\/p>\n","protected":false},"excerpt":{"rendered":"<p>Naciones Unidas confirm\u00f3 este viernes que Madrid ser\u00e1 la sede <a href=\"https:\/\/sertv.gob.pa\/crisolfm\/onu-confirma-a-madrid-como-sede-de-la-conferencia-del-clima-cop-25\/\"> [&#8230;]<\/a><\/p>\n","protected":false},"author":64,"featured_media":23781,"comment_status":"closed","ping_status":"closed","sticky":false,"template":"","format":"standard","meta":{"footnotes":""},"categories":[7],"tags":[],"class_list":["post-23780","post","type-post","status-publish","format-standard","has-post-thumbnail","hentry","category-ecologicas"],"_links":{"self":[{"href":"https:\/\/sertv.gob.pa\/crisolfm\/wp-json\/wp\/v2\/posts\/23780","targetHints":{"allow":["GET"]}}],"collection":[{"href":"https:\/\/sertv.gob.pa\/crisolfm\/wp-json\/wp\/v2\/posts"}],"about":[{"href":"https:\/\/sertv.gob.pa\/crisolfm\/wp-json\/wp\/v2\/types\/post"}],"author":[{"embeddable":true,"href":"https:\/\/sertv.gob.pa\/crisolfm\/wp-json\/wp\/v2\/users\/64"}],"replies":[{"embeddable":true,"href":"https:\/\/sertv.gob.pa\/crisolfm\/wp-json\/wp\/v2\/comments?post=23780"}],"version-history":[{"count":1,"href":"https:\/\/sertv.gob.pa\/crisolfm\/wp-json\/wp\/v2\/posts\/23780\/revisions"}],"predecessor-version":[{"id":23782,"href":"https:\/\/sertv.gob.pa\/crisolfm\/wp-json\/wp\/v2\/posts\/23780\/revisions\/23782"}],"wp:featuredmedia":[{"embeddable":true,"href":"https:\/\/sertv.gob.pa\/crisolfm\/wp-json\/wp\/v2\/media\/23781"}],"wp:attachment":[{"href":"https:\/\/sertv.gob.pa\/crisolfm\/wp-json\/wp\/v2\/media?parent=23780"}],"wp:term":[{"taxonomy":"category","embeddable":true,"href":"https:\/\/sertv.gob.pa\/crisolfm\/wp-json\/wp\/v2\/categories?post=23780"},{"taxonomy":"post_tag","embeddable":true,"href":"https:\/\/sertv.gob.pa\/crisolfm\/wp-json\/wp\/v2\/tags?post=23780"}],"curies":[{"name":"wp","href":"https:\/\/api.w.org\/{rel}","templated":true}]}}