{"id":23805,"date":"2019-11-04T17:19:35","date_gmt":"2019-11-04T17:19:35","guid":{"rendered":"https:\/\/sertv.gob.pa\/crisolfm\/?p=23805"},"modified":"2019-11-04T17:20:48","modified_gmt":"2019-11-04T17:20:48","slug":"estudiantes-exaltan-a-la-patria-con-acordes-musicales","status":"publish","type":"post","link":"https:\/\/sertv.gob.pa\/crisolfm\/estudiantes-exaltan-a-la-patria-con-acordes-musicales\/","title":{"rendered":"Estudiantes \u201cexaltan a la patria\u201d con acordes musicales"},"content":{"rendered":"<p>Otro d\u00eda m\u00e1s los habitantes de este gran pa\u00eds, Panam\u00e1, asisten con orgullo a disfrutar de los desfiles patrios, para escuchar los acordes musicales de cientos de estudiantes de las distintos centros educativos del pa\u00eds, quienes entusiasmados tocan con intensidad para rendir tributo a la patria. Con ellos el abanderado en este 4 de noviembre, Mariano Rivera, orgullo paname\u00f1o.<\/p>\n<p>Al igual que ellos, el presidente de la Rep\u00fablica de Panam\u00e1, Laurentino Cortizo Cohen, desde la tarima presidencial en Calle 50, rinde honor a nuestros S\u00edmbolos Patrios. El mandatario, acompa\u00f1ado de la primera dama, Yazm\u00edn de Cortizo, los ministros y viceministros de Estado, participan de esta intensa conmemoraci\u00f3n.<\/p>\n","protected":false},"excerpt":{"rendered":"<p>Otro d\u00eda m\u00e1s los habitantes de este gran pa\u00eds, Panam\u00e1, <a href=\"https:\/\/sertv.gob.pa\/crisolfm\/estudiantes-exaltan-a-la-patria-con-acordes-musicales\/\"> [&#8230;]<\/a><\/p>\n","protected":false},"author":9,"featured_media":23806,"comment_status":"closed","ping_status":"closed","sticky":false,"template":"","format":"standard","meta":{"footnotes":""},"categories":[6],"tags":[],"class_list":["post-23805","post","type-post","status-publish","format-standard","has-post-thumbnail","hentry","category-culturales"],"_links":{"self":[{"href":"https:\/\/sertv.gob.pa\/crisolfm\/wp-json\/wp\/v2\/posts\/23805","targetHints":{"allow":["GET"]}}],"collection":[{"href":"https:\/\/sertv.gob.pa\/crisolfm\/wp-json\/wp\/v2\/posts"}],"about":[{"href":"https:\/\/sertv.gob.pa\/crisolfm\/wp-json\/wp\/v2\/types\/post"}],"author":[{"embeddable":true,"href":"https:\/\/sertv.gob.pa\/crisolfm\/wp-json\/wp\/v2\/users\/9"}],"replies":[{"embeddable":true,"href":"https:\/\/sertv.gob.pa\/crisolfm\/wp-json\/wp\/v2\/comments?post=23805"}],"version-history":[{"count":2,"href":"https:\/\/sertv.gob.pa\/crisolfm\/wp-json\/wp\/v2\/posts\/23805\/revisions"}],"predecessor-version":[{"id":23810,"href":"https:\/\/sertv.gob.pa\/crisolfm\/wp-json\/wp\/v2\/posts\/23805\/revisions\/23810"}],"wp:featuredmedia":[{"embeddable":true,"href":"https:\/\/sertv.gob.pa\/crisolfm\/wp-json\/wp\/v2\/media\/23806"}],"wp:attachment":[{"href":"https:\/\/sertv.gob.pa\/crisolfm\/wp-json\/wp\/v2\/media?parent=23805"}],"wp:term":[{"taxonomy":"category","embeddable":true,"href":"https:\/\/sertv.gob.pa\/crisolfm\/wp-json\/wp\/v2\/categories?post=23805"},{"taxonomy":"post_tag","embeddable":true,"href":"https:\/\/sertv.gob.pa\/crisolfm\/wp-json\/wp\/v2\/tags?post=23805"}],"curies":[{"name":"wp","href":"https:\/\/api.w.org\/{rel}","templated":true}]}}