{"id":23811,"date":"2019-11-04T17:29:46","date_gmt":"2019-11-04T17:29:46","guid":{"rendered":"https:\/\/sertv.gob.pa\/crisolfm\/?p=23811"},"modified":"2019-11-04T17:29:46","modified_gmt":"2019-11-04T17:29:46","slug":"sigue-la-fiesta-panamena-noviembre-mes-de-la-patria","status":"publish","type":"post","link":"https:\/\/sertv.gob.pa\/crisolfm\/sigue-la-fiesta-panamena-noviembre-mes-de-la-patria\/","title":{"rendered":"Sigue la fiesta paname\u00f1a, noviembre mes de la patria"},"content":{"rendered":"<p>La avenida Balboa, tambi\u00e9n es escenario para el despliegue musical que las diferentes bandas de los centros educativos de Panam\u00e1, que desde el 3 de noviembre, tocan con pasi\u00f3n para brindar su arte y ofrecer un homenaje a esta gloriosa naci\u00f3n.<\/p>\n<p>Con su participaci\u00f3n, la alegor\u00eda llega a los corazones de nacionales y extranjeros que se movilizan a lo largo de esta importante v\u00eda, para el disfrute no solo de la m\u00fasica, sino tambi\u00e9n de los estudiantes que con su destreza rinden tributo a Panam\u00e1.<\/p>\n<p>De igual manera, el vicepresidente de la Rep\u00fablica de Panam\u00e1, Jos\u00e9 Gabriel Carrizo, acompa\u00f1ado de otras autoridades, se hace eco para el disfrute de las bellos compases.<\/p>\n","protected":false},"excerpt":{"rendered":"<p>La avenida Balboa, tambi\u00e9n es escenario para el despliegue musical <a href=\"https:\/\/sertv.gob.pa\/crisolfm\/sigue-la-fiesta-panamena-noviembre-mes-de-la-patria\/\"> [&#8230;]<\/a><\/p>\n","protected":false},"author":9,"featured_media":23812,"comment_status":"closed","ping_status":"closed","sticky":false,"template":"","format":"standard","meta":{"footnotes":""},"categories":[6],"tags":[],"class_list":["post-23811","post","type-post","status-publish","format-standard","has-post-thumbnail","hentry","category-culturales"],"_links":{"self":[{"href":"https:\/\/sertv.gob.pa\/crisolfm\/wp-json\/wp\/v2\/posts\/23811","targetHints":{"allow":["GET"]}}],"collection":[{"href":"https:\/\/sertv.gob.pa\/crisolfm\/wp-json\/wp\/v2\/posts"}],"about":[{"href":"https:\/\/sertv.gob.pa\/crisolfm\/wp-json\/wp\/v2\/types\/post"}],"author":[{"embeddable":true,"href":"https:\/\/sertv.gob.pa\/crisolfm\/wp-json\/wp\/v2\/users\/9"}],"replies":[{"embeddable":true,"href":"https:\/\/sertv.gob.pa\/crisolfm\/wp-json\/wp\/v2\/comments?post=23811"}],"version-history":[{"count":1,"href":"https:\/\/sertv.gob.pa\/crisolfm\/wp-json\/wp\/v2\/posts\/23811\/revisions"}],"predecessor-version":[{"id":23815,"href":"https:\/\/sertv.gob.pa\/crisolfm\/wp-json\/wp\/v2\/posts\/23811\/revisions\/23815"}],"wp:featuredmedia":[{"embeddable":true,"href":"https:\/\/sertv.gob.pa\/crisolfm\/wp-json\/wp\/v2\/media\/23812"}],"wp:attachment":[{"href":"https:\/\/sertv.gob.pa\/crisolfm\/wp-json\/wp\/v2\/media?parent=23811"}],"wp:term":[{"taxonomy":"category","embeddable":true,"href":"https:\/\/sertv.gob.pa\/crisolfm\/wp-json\/wp\/v2\/categories?post=23811"},{"taxonomy":"post_tag","embeddable":true,"href":"https:\/\/sertv.gob.pa\/crisolfm\/wp-json\/wp\/v2\/tags?post=23811"}],"curies":[{"name":"wp","href":"https:\/\/api.w.org\/{rel}","templated":true}]}}