{"id":23829,"date":"2019-11-06T13:34:24","date_gmt":"2019-11-06T13:34:24","guid":{"rendered":"https:\/\/sertv.gob.pa\/crisolfm\/?p=23829"},"modified":"2019-11-06T13:34:24","modified_gmt":"2019-11-06T13:34:24","slug":"financiaran-2-1-millones-para-fortalecer-la-cadena-de-cine-en-panama","status":"publish","type":"post","link":"https:\/\/sertv.gob.pa\/crisolfm\/financiaran-2-1-millones-para-fortalecer-la-cadena-de-cine-en-panama\/","title":{"rendered":"Financiar\u00e1n $2.1 millones para fortalecer la cadena de cine en Panam\u00e1"},"content":{"rendered":"<p>Un acuerdo por $2,144,000 para financiar un proyecto para fortalecer la cadena de cine en Panam\u00e1, Centroam\u00e9rica y el Caribe firmaron Luis Alberto Moreno, presidente del Banco Interamericano de Desarrollo (BID), y Pituka Heilbron, directora general de la Fundaci\u00f3n IFF Panam\u00e1. De ese total, $1 mill\u00f3n es aportado por BID Lab y el resto, por la Fundaci\u00f3n IFF Panam\u00e1, detallaron sus impulsores.<\/p>\n<p>Explicaron que el proyecto tendr\u00e1 una duraci\u00f3n de 3 a\u00f1os y durante ese tiempo, la Fundaci\u00f3n IFF Panam\u00e1 generar\u00e1 un modelo a la medida y sostenible para proveer los servicios de negociaci\u00f3n, recolecci\u00f3n de materiales para promoci\u00f3n, exhibici\u00f3n y comercializaci\u00f3n de pel\u00edculas de Panam\u00e1, Centroam\u00e9rica y el Caribe en nuevos canales.<\/p>\n<p>La meta es lograr alianzas con canales de televisi\u00f3n digitales y exhibir 188 pel\u00edculas a trav\u00e9s de aerol\u00edneas. Igualmente, a trav\u00e9s de este proyecto, se buscar\u00e1 fortalecer las capacidades t\u00e9cnicas y de emprendimiento en 291 peque\u00f1as empresas creativas asociadas a la industria cinematogr\u00e1fica con enfoque en la innovaci\u00f3n y se habilitar\u00e1n becas para 210 personas.<\/p>\n<p>&nbsp;<\/p>\n","protected":false},"excerpt":{"rendered":"<p>Un acuerdo por $2,144,000 para financiar un proyecto para fortalecer <a href=\"https:\/\/sertv.gob.pa\/crisolfm\/financiaran-2-1-millones-para-fortalecer-la-cadena-de-cine-en-panama\/\"> [&#8230;]<\/a><\/p>\n","protected":false},"author":64,"featured_media":23830,"comment_status":"closed","ping_status":"closed","sticky":false,"template":"","format":"standard","meta":{"footnotes":""},"categories":[6],"tags":[],"class_list":["post-23829","post","type-post","status-publish","format-standard","has-post-thumbnail","hentry","category-culturales"],"_links":{"self":[{"href":"https:\/\/sertv.gob.pa\/crisolfm\/wp-json\/wp\/v2\/posts\/23829","targetHints":{"allow":["GET"]}}],"collection":[{"href":"https:\/\/sertv.gob.pa\/crisolfm\/wp-json\/wp\/v2\/posts"}],"about":[{"href":"https:\/\/sertv.gob.pa\/crisolfm\/wp-json\/wp\/v2\/types\/post"}],"author":[{"embeddable":true,"href":"https:\/\/sertv.gob.pa\/crisolfm\/wp-json\/wp\/v2\/users\/64"}],"replies":[{"embeddable":true,"href":"https:\/\/sertv.gob.pa\/crisolfm\/wp-json\/wp\/v2\/comments?post=23829"}],"version-history":[{"count":1,"href":"https:\/\/sertv.gob.pa\/crisolfm\/wp-json\/wp\/v2\/posts\/23829\/revisions"}],"predecessor-version":[{"id":23831,"href":"https:\/\/sertv.gob.pa\/crisolfm\/wp-json\/wp\/v2\/posts\/23829\/revisions\/23831"}],"wp:featuredmedia":[{"embeddable":true,"href":"https:\/\/sertv.gob.pa\/crisolfm\/wp-json\/wp\/v2\/media\/23830"}],"wp:attachment":[{"href":"https:\/\/sertv.gob.pa\/crisolfm\/wp-json\/wp\/v2\/media?parent=23829"}],"wp:term":[{"taxonomy":"category","embeddable":true,"href":"https:\/\/sertv.gob.pa\/crisolfm\/wp-json\/wp\/v2\/categories?post=23829"},{"taxonomy":"post_tag","embeddable":true,"href":"https:\/\/sertv.gob.pa\/crisolfm\/wp-json\/wp\/v2\/tags?post=23829"}],"curies":[{"name":"wp","href":"https:\/\/api.w.org\/{rel}","templated":true}]}}