{"id":23832,"date":"2019-11-06T13:43:11","date_gmt":"2019-11-06T13:43:11","guid":{"rendered":"https:\/\/sertv.gob.pa\/crisolfm\/?p=23832"},"modified":"2019-11-06T13:43:11","modified_gmt":"2019-11-06T13:43:11","slug":"trazos-y-colores-patrios-desde-la-distancia","status":"publish","type":"post","link":"https:\/\/sertv.gob.pa\/crisolfm\/trazos-y-colores-patrios-desde-la-distancia\/","title":{"rendered":"Trazos y colores patrios, desde la distancia"},"content":{"rendered":"<p>Aunque reside en Espa\u00f1a, sigue exaltando el folclor de la patria que la vio nacer. La artista paname\u00f1a Lineth M\u00e1rquez rinde honor a Panam\u00e1 con sus pinturas. \u201cMis obras al \u00f3leo, inspiradas en el Istmo, son un homenaje. Cada pincelada es un reflejo de mi amor por Panam\u00e1\u201d, sostiene la artista.<\/p>\n<p>Detalla que su visi\u00f3n \u201ces dar a conocer la cultura paname\u00f1a internacionalmente y recalcar la semejanza que existe entre el abanico, tembleques y accesorios de la pollera, con el vestido espa\u00f1ol introducido a Am\u00e9rica en siglos pasados con la llegada de la influencia espa\u00f1ola\u201d.<\/p>\n<p>Ha efectuado exposici\u00f3n individual con el Banco Nacional de Panam\u00e1, adem\u00e1s de exponer en Nueva York, en la Embajada de Panam\u00e1 en Espa\u00f1a, en la Galer\u00eda Ara Arte en Madrid y en la prestigiosa feria internacional Art Fair M\u00e1laga Espa\u00f1a, entre otras presentaciones.<\/p>\n<p>&nbsp;<\/p>\n","protected":false},"excerpt":{"rendered":"<p>Aunque reside en Espa\u00f1a, sigue exaltando el folclor de la <a href=\"https:\/\/sertv.gob.pa\/crisolfm\/trazos-y-colores-patrios-desde-la-distancia\/\"> [&#8230;]<\/a><\/p>\n","protected":false},"author":64,"featured_media":23833,"comment_status":"closed","ping_status":"closed","sticky":false,"template":"","format":"standard","meta":{"footnotes":""},"categories":[6],"tags":[],"class_list":["post-23832","post","type-post","status-publish","format-standard","has-post-thumbnail","hentry","category-culturales"],"_links":{"self":[{"href":"https:\/\/sertv.gob.pa\/crisolfm\/wp-json\/wp\/v2\/posts\/23832","targetHints":{"allow":["GET"]}}],"collection":[{"href":"https:\/\/sertv.gob.pa\/crisolfm\/wp-json\/wp\/v2\/posts"}],"about":[{"href":"https:\/\/sertv.gob.pa\/crisolfm\/wp-json\/wp\/v2\/types\/post"}],"author":[{"embeddable":true,"href":"https:\/\/sertv.gob.pa\/crisolfm\/wp-json\/wp\/v2\/users\/64"}],"replies":[{"embeddable":true,"href":"https:\/\/sertv.gob.pa\/crisolfm\/wp-json\/wp\/v2\/comments?post=23832"}],"version-history":[{"count":1,"href":"https:\/\/sertv.gob.pa\/crisolfm\/wp-json\/wp\/v2\/posts\/23832\/revisions"}],"predecessor-version":[{"id":23834,"href":"https:\/\/sertv.gob.pa\/crisolfm\/wp-json\/wp\/v2\/posts\/23832\/revisions\/23834"}],"wp:featuredmedia":[{"embeddable":true,"href":"https:\/\/sertv.gob.pa\/crisolfm\/wp-json\/wp\/v2\/media\/23833"}],"wp:attachment":[{"href":"https:\/\/sertv.gob.pa\/crisolfm\/wp-json\/wp\/v2\/media?parent=23832"}],"wp:term":[{"taxonomy":"category","embeddable":true,"href":"https:\/\/sertv.gob.pa\/crisolfm\/wp-json\/wp\/v2\/categories?post=23832"},{"taxonomy":"post_tag","embeddable":true,"href":"https:\/\/sertv.gob.pa\/crisolfm\/wp-json\/wp\/v2\/tags?post=23832"}],"curies":[{"name":"wp","href":"https:\/\/api.w.org\/{rel}","templated":true}]}}