{"id":23855,"date":"2019-11-06T15:13:41","date_gmt":"2019-11-06T15:13:41","guid":{"rendered":"https:\/\/sertv.gob.pa\/crisolfm\/?p=23855"},"modified":"2019-11-06T15:13:41","modified_gmt":"2019-11-06T15:13:41","slug":"la-primera-subasta-de-un-mural-de-keith-haring-manchada-por-la-polemica","status":"publish","type":"post","link":"https:\/\/sertv.gob.pa\/crisolfm\/la-primera-subasta-de-un-mural-de-keith-haring-manchada-por-la-polemica\/","title":{"rendered":"La primera subasta de un mural de Keith Haring, manchada por la pol\u00e9mica"},"content":{"rendered":"<p>El concepto de la subasta de una obra de arte vuelve a ser objeto de controversia en Nueva York, y en este caso el protagonista es un mural del icono del pop art y el grafiti estadounidense Keith Haring, el primero que sale a la venta. \u00abNunca ha habido en el mercado un mural de Keith Haring, y es muy raro encontrar un mural que ha estado en un espacio privado a la venta\u00bb, explica a Efe Lisa De Simone, la especialista en Arte de Post-Guerra y Contempor\u00e1neo de la casa Bonhams, donde se vender\u00e1 al mejor postor.<\/p>\n<p>Se trata de un mural de grandes dimensiones, de 25 metros de largo, que Haring pint\u00f3 en un centro juvenil cat\u00f3lico en el noroeste de Manhattan en 1983 o 1984, con la intenci\u00f3n de \u00abalegrar\u00bb un espacio dedicado a los ni\u00f1os.<\/p>\n<p>Unos opinan que la obra no deber\u00eda pasar a manos privadas, probablemente de adinerado coleccionista, y otros se\u00f1alan que nunca fue propiedad del p\u00fablico. En concreto, la obra de arte ocupa tres pisos del hueco de la escalera del edificio del centro para j\u00f3venes, conocido como \u00abGrace House\u00bb, en la que el artista plasm\u00f3 algunas de sus figuras m\u00e1s conocidas, como el \u00abperro ladrador\u00bb o el \u00abbeb\u00e9 radiante\u00bb.<\/p>\n<p>Ahora, y tras poner en venta el inmueble el propietario -la Iglesia Ascensi\u00f3n-, el mural, considerado un \u00abtesoro oculto\u00bb, ha sido valorado por los expertos en un m\u00ednimo de 3 millones de d\u00f3lares y un m\u00e1ximo de 5, y est\u00e1 a punto de ofrecerse en el mercado en una subasta el pr\u00f3ximo 13 de noviembre.<\/p>\n<p>EFE<\/p>\n","protected":false},"excerpt":{"rendered":"<p>El concepto de la subasta de una obra de arte <a href=\"https:\/\/sertv.gob.pa\/crisolfm\/la-primera-subasta-de-un-mural-de-keith-haring-manchada-por-la-polemica\/\"> [&#8230;]<\/a><\/p>\n","protected":false},"author":64,"featured_media":23856,"comment_status":"closed","ping_status":"closed","sticky":false,"template":"","format":"standard","meta":{"footnotes":""},"categories":[6],"tags":[],"class_list":["post-23855","post","type-post","status-publish","format-standard","has-post-thumbnail","hentry","category-culturales"],"_links":{"self":[{"href":"https:\/\/sertv.gob.pa\/crisolfm\/wp-json\/wp\/v2\/posts\/23855","targetHints":{"allow":["GET"]}}],"collection":[{"href":"https:\/\/sertv.gob.pa\/crisolfm\/wp-json\/wp\/v2\/posts"}],"about":[{"href":"https:\/\/sertv.gob.pa\/crisolfm\/wp-json\/wp\/v2\/types\/post"}],"author":[{"embeddable":true,"href":"https:\/\/sertv.gob.pa\/crisolfm\/wp-json\/wp\/v2\/users\/64"}],"replies":[{"embeddable":true,"href":"https:\/\/sertv.gob.pa\/crisolfm\/wp-json\/wp\/v2\/comments?post=23855"}],"version-history":[{"count":1,"href":"https:\/\/sertv.gob.pa\/crisolfm\/wp-json\/wp\/v2\/posts\/23855\/revisions"}],"predecessor-version":[{"id":23857,"href":"https:\/\/sertv.gob.pa\/crisolfm\/wp-json\/wp\/v2\/posts\/23855\/revisions\/23857"}],"wp:featuredmedia":[{"embeddable":true,"href":"https:\/\/sertv.gob.pa\/crisolfm\/wp-json\/wp\/v2\/media\/23856"}],"wp:attachment":[{"href":"https:\/\/sertv.gob.pa\/crisolfm\/wp-json\/wp\/v2\/media?parent=23855"}],"wp:term":[{"taxonomy":"category","embeddable":true,"href":"https:\/\/sertv.gob.pa\/crisolfm\/wp-json\/wp\/v2\/categories?post=23855"},{"taxonomy":"post_tag","embeddable":true,"href":"https:\/\/sertv.gob.pa\/crisolfm\/wp-json\/wp\/v2\/tags?post=23855"}],"curies":[{"name":"wp","href":"https:\/\/api.w.org\/{rel}","templated":true}]}}