{"id":23858,"date":"2019-11-06T15:18:21","date_gmt":"2019-11-06T15:18:21","guid":{"rendered":"https:\/\/sertv.gob.pa\/crisolfm\/?p=23858"},"modified":"2019-11-06T15:18:21","modified_gmt":"2019-11-06T15:18:21","slug":"el-museo-carnavalet-el-mas-antiguo-de-la-capital-francesa","status":"publish","type":"post","link":"https:\/\/sertv.gob.pa\/crisolfm\/el-museo-carnavalet-el-mas-antiguo-de-la-capital-francesa\/","title":{"rendered":"El museo Carnavalet, el m\u00e1s antiguo de la capital francesa"},"content":{"rendered":"<p>El museo Carnavalet, el m\u00e1s antiguo de la capital francesa y cuya colecci\u00f3n se centra en la historia de Par\u00eds, reabrir\u00e1 sus puertas la pr\u00f3xima primavera tras cuatro a\u00f1os de reformas y la restauraci\u00f3n de sus obras. La m\u00e1xima a la hora de renovar el museo, situado en el centro de Par\u00eds y con m\u00e1s de 150 a\u00f1os de historia, ha sido conservar su encanto original, seg\u00fan palabras del arquitecto encargado de la reforma, Fran\u00e7ois Chatillon: \u00abcambiar todo sin cambiar nada\u00bb.<\/p>\n<p>Adem\u00e1s de la restauraci\u00f3n de las fachadas, carpinter\u00eda y obras, han modificado el recorrido de las colecciones y la circulaci\u00f3n de los visitantes. \u00abLa reforma no presenta ninguna firma demasiado evidente, solo las tres escaleras monumentales construidas, que mejoran la circulaci\u00f3n vertical, marcan nuestra \u00e9poca. El resto se ha hecho respetando el aspecto del edificio\u00bb, explic\u00f3 Chatillon durante una visita a las obras.<\/p>\n<p>EFE<\/p>\n","protected":false},"excerpt":{"rendered":"<p>El museo Carnavalet, el m\u00e1s antiguo de la capital francesa <a href=\"https:\/\/sertv.gob.pa\/crisolfm\/el-museo-carnavalet-el-mas-antiguo-de-la-capital-francesa\/\"> [&#8230;]<\/a><\/p>\n","protected":false},"author":64,"featured_media":23859,"comment_status":"closed","ping_status":"closed","sticky":false,"template":"","format":"standard","meta":{"footnotes":""},"categories":[6],"tags":[],"class_list":["post-23858","post","type-post","status-publish","format-standard","has-post-thumbnail","hentry","category-culturales"],"_links":{"self":[{"href":"https:\/\/sertv.gob.pa\/crisolfm\/wp-json\/wp\/v2\/posts\/23858","targetHints":{"allow":["GET"]}}],"collection":[{"href":"https:\/\/sertv.gob.pa\/crisolfm\/wp-json\/wp\/v2\/posts"}],"about":[{"href":"https:\/\/sertv.gob.pa\/crisolfm\/wp-json\/wp\/v2\/types\/post"}],"author":[{"embeddable":true,"href":"https:\/\/sertv.gob.pa\/crisolfm\/wp-json\/wp\/v2\/users\/64"}],"replies":[{"embeddable":true,"href":"https:\/\/sertv.gob.pa\/crisolfm\/wp-json\/wp\/v2\/comments?post=23858"}],"version-history":[{"count":1,"href":"https:\/\/sertv.gob.pa\/crisolfm\/wp-json\/wp\/v2\/posts\/23858\/revisions"}],"predecessor-version":[{"id":23860,"href":"https:\/\/sertv.gob.pa\/crisolfm\/wp-json\/wp\/v2\/posts\/23858\/revisions\/23860"}],"wp:featuredmedia":[{"embeddable":true,"href":"https:\/\/sertv.gob.pa\/crisolfm\/wp-json\/wp\/v2\/media\/23859"}],"wp:attachment":[{"href":"https:\/\/sertv.gob.pa\/crisolfm\/wp-json\/wp\/v2\/media?parent=23858"}],"wp:term":[{"taxonomy":"category","embeddable":true,"href":"https:\/\/sertv.gob.pa\/crisolfm\/wp-json\/wp\/v2\/categories?post=23858"},{"taxonomy":"post_tag","embeddable":true,"href":"https:\/\/sertv.gob.pa\/crisolfm\/wp-json\/wp\/v2\/tags?post=23858"}],"curies":[{"name":"wp","href":"https:\/\/api.w.org\/{rel}","templated":true}]}}