{"id":23879,"date":"2019-11-07T16:28:09","date_gmt":"2019-11-07T16:28:09","guid":{"rendered":"https:\/\/sertv.gob.pa\/crisolfm\/?p=23879"},"modified":"2019-11-07T16:28:09","modified_gmt":"2019-11-07T16:28:09","slug":"un-fallo-electrico-podria-haber-causado-el-incendio-del-castillo-nipon-shuri","status":"publish","type":"post","link":"https:\/\/sertv.gob.pa\/crisolfm\/un-fallo-electrico-podria-haber-causado-el-incendio-del-castillo-nipon-shuri\/","title":{"rendered":"Un fallo el\u00e9ctrico podr\u00eda haber causado el incendio del castillo nip\u00f3n Shuri"},"content":{"rendered":"<p>Un fallo el\u00e9ctrico parece haber sido la causa del incendio que la semana pasada redujo a cenizas el castillo Shuri de Okinawa, un s\u00edmbolo de la regi\u00f3n japonesa declarado patrimonio de la humanidad, seg\u00fan las pesquisas de la investigaci\u00f3n en curso.<\/p>\n<p>El cuerpo de bomberos de la ciudad de Naha, donde se ubica el castillo, han hallado evidencias de un cortocircuito en el cableado de la parte trasera izquierda del pabell\u00f3n principal y est\u00e1n investigando su conexi\u00f3n con el incendio, que aparentemente se extendi\u00f3 desde all\u00ed, seg\u00fan revelaron a la agencia de noticias Kyodo.<\/p>\n<p>Una c\u00e1mara de vigilancia capt\u00f3 un destell\u00f3 de luz poco antes y despu\u00e9s de que se declarara el incendio alrededor de las 2:40 hora local del jueves pasado (17:40 GMT del mi\u00e9rcoles), y una semana despu\u00e9s se conocen estos primeros detalles de la investigaci\u00f3n.<\/p>\n<p>EFE<\/p>\n","protected":false},"excerpt":{"rendered":"<p>Un fallo el\u00e9ctrico parece haber sido la causa del incendio <a href=\"https:\/\/sertv.gob.pa\/crisolfm\/un-fallo-electrico-podria-haber-causado-el-incendio-del-castillo-nipon-shuri\/\"> [&#8230;]<\/a><\/p>\n","protected":false},"author":64,"featured_media":23880,"comment_status":"closed","ping_status":"closed","sticky":false,"template":"","format":"standard","meta":{"footnotes":""},"categories":[6],"tags":[],"class_list":["post-23879","post","type-post","status-publish","format-standard","has-post-thumbnail","hentry","category-culturales"],"_links":{"self":[{"href":"https:\/\/sertv.gob.pa\/crisolfm\/wp-json\/wp\/v2\/posts\/23879","targetHints":{"allow":["GET"]}}],"collection":[{"href":"https:\/\/sertv.gob.pa\/crisolfm\/wp-json\/wp\/v2\/posts"}],"about":[{"href":"https:\/\/sertv.gob.pa\/crisolfm\/wp-json\/wp\/v2\/types\/post"}],"author":[{"embeddable":true,"href":"https:\/\/sertv.gob.pa\/crisolfm\/wp-json\/wp\/v2\/users\/64"}],"replies":[{"embeddable":true,"href":"https:\/\/sertv.gob.pa\/crisolfm\/wp-json\/wp\/v2\/comments?post=23879"}],"version-history":[{"count":1,"href":"https:\/\/sertv.gob.pa\/crisolfm\/wp-json\/wp\/v2\/posts\/23879\/revisions"}],"predecessor-version":[{"id":23881,"href":"https:\/\/sertv.gob.pa\/crisolfm\/wp-json\/wp\/v2\/posts\/23879\/revisions\/23881"}],"wp:featuredmedia":[{"embeddable":true,"href":"https:\/\/sertv.gob.pa\/crisolfm\/wp-json\/wp\/v2\/media\/23880"}],"wp:attachment":[{"href":"https:\/\/sertv.gob.pa\/crisolfm\/wp-json\/wp\/v2\/media?parent=23879"}],"wp:term":[{"taxonomy":"category","embeddable":true,"href":"https:\/\/sertv.gob.pa\/crisolfm\/wp-json\/wp\/v2\/categories?post=23879"},{"taxonomy":"post_tag","embeddable":true,"href":"https:\/\/sertv.gob.pa\/crisolfm\/wp-json\/wp\/v2\/tags?post=23879"}],"curies":[{"name":"wp","href":"https:\/\/api.w.org\/{rel}","templated":true}]}}