{"id":23882,"date":"2019-11-07T16:33:08","date_gmt":"2019-11-07T16:33:08","guid":{"rendered":"https:\/\/sertv.gob.pa\/crisolfm\/?p=23882"},"modified":"2019-11-07T16:33:08","modified_gmt":"2019-11-07T16:33:08","slug":"tiburones-y-reptiles-cubanos-entran-en-lista-de-especies-protegidas","status":"publish","type":"post","link":"https:\/\/sertv.gob.pa\/crisolfm\/tiburones-y-reptiles-cubanos-entran-en-lista-de-especies-protegidas\/","title":{"rendered":"Tiburones y reptiles cubanos entran en lista de especies protegidas"},"content":{"rendered":"<p>Un grupo de animales, entre ellos dos tipos de tiburones makos y varios lagartos end\u00e9micos cubanos, fueron incluidos en la lista protegida por la Convenci\u00f3n sobre el Comercio Internacional de Especies Amenazadas de la Fauna y Flora Silvestres (CITES), informan medios oficiales de la isla.<\/p>\n<p>El listado actualizado entrar\u00e1 en vigor el pr\u00f3ximo 26 de noviembre y muchas de las especies aut\u00f3ctonas de nueva entrada ya estaban protegidas por resoluciones del Ministerio cubano de Ciencia, Tecnolog\u00eda y Medio Ambiente que vetaban su comercio.<\/p>\n<p>Los dos escualos incluidos son los conocidos como marrajo com\u00fan o de aleta corta (isurus oxyrinchus) y el marrajo de aleta larga (isurus paucus), cuyas poblaciones en los mares templados y tropicales est\u00e1n actualmente en peligro por la sobrepesca y necesitan al menos una d\u00e9cada para recuperarse, seg\u00fan cient\u00edficos.<\/p>\n<p>EFE<\/p>\n","protected":false},"excerpt":{"rendered":"<p>Un grupo de animales, entre ellos dos tipos de tiburones <a href=\"https:\/\/sertv.gob.pa\/crisolfm\/tiburones-y-reptiles-cubanos-entran-en-lista-de-especies-protegidas\/\"> [&#8230;]<\/a><\/p>\n","protected":false},"author":64,"featured_media":23883,"comment_status":"closed","ping_status":"closed","sticky":false,"template":"","format":"standard","meta":{"footnotes":""},"categories":[7],"tags":[],"class_list":["post-23882","post","type-post","status-publish","format-standard","has-post-thumbnail","hentry","category-ecologicas"],"_links":{"self":[{"href":"https:\/\/sertv.gob.pa\/crisolfm\/wp-json\/wp\/v2\/posts\/23882","targetHints":{"allow":["GET"]}}],"collection":[{"href":"https:\/\/sertv.gob.pa\/crisolfm\/wp-json\/wp\/v2\/posts"}],"about":[{"href":"https:\/\/sertv.gob.pa\/crisolfm\/wp-json\/wp\/v2\/types\/post"}],"author":[{"embeddable":true,"href":"https:\/\/sertv.gob.pa\/crisolfm\/wp-json\/wp\/v2\/users\/64"}],"replies":[{"embeddable":true,"href":"https:\/\/sertv.gob.pa\/crisolfm\/wp-json\/wp\/v2\/comments?post=23882"}],"version-history":[{"count":1,"href":"https:\/\/sertv.gob.pa\/crisolfm\/wp-json\/wp\/v2\/posts\/23882\/revisions"}],"predecessor-version":[{"id":23884,"href":"https:\/\/sertv.gob.pa\/crisolfm\/wp-json\/wp\/v2\/posts\/23882\/revisions\/23884"}],"wp:featuredmedia":[{"embeddable":true,"href":"https:\/\/sertv.gob.pa\/crisolfm\/wp-json\/wp\/v2\/media\/23883"}],"wp:attachment":[{"href":"https:\/\/sertv.gob.pa\/crisolfm\/wp-json\/wp\/v2\/media?parent=23882"}],"wp:term":[{"taxonomy":"category","embeddable":true,"href":"https:\/\/sertv.gob.pa\/crisolfm\/wp-json\/wp\/v2\/categories?post=23882"},{"taxonomy":"post_tag","embeddable":true,"href":"https:\/\/sertv.gob.pa\/crisolfm\/wp-json\/wp\/v2\/tags?post=23882"}],"curies":[{"name":"wp","href":"https:\/\/api.w.org\/{rel}","templated":true}]}}