{"id":23890,"date":"2019-11-07T16:45:49","date_gmt":"2019-11-07T16:45:49","guid":{"rendered":"https:\/\/sertv.gob.pa\/crisolfm\/?p=23890"},"modified":"2019-11-07T16:45:49","modified_gmt":"2019-11-07T16:45:49","slug":"tras-las-huellas-del-papa-francisco-en-israel-exposicion-fotografica-en-casco-antiguo","status":"publish","type":"post","link":"https:\/\/sertv.gob.pa\/crisolfm\/tras-las-huellas-del-papa-francisco-en-israel-exposicion-fotografica-en-casco-antiguo\/","title":{"rendered":"&#8216;Tras las huellas del papa Francisco en Israel&#8217;, exposici\u00f3n fotogr\u00e1fica en Casco Antiguo"},"content":{"rendered":"<p>En celebraci\u00f3n de los 25 a\u00f1os de relaciones diplom\u00e1ticas entre Israel y el Vaticano, la embajada de Israel en Panam\u00e1 y la Arquidi\u00f3cesis istme\u00f1a rememoran acontecimientos especiales ocurridos del 24 al 26 de mayo de 2014.<\/p>\n<p>\u201cTras las Huellas del Papa Francisco en Israel\u201d, una exposici\u00f3n fotogr\u00e1fica, recopila los momentos hist\u00f3ricos de la visita que hizo el Sumo Pont\u00edfice al pa\u00eds de Medio Oriente, considerado la Tierra Santa y donde recorri\u00f3 sitios simb\u00f3licos del cristianismo, el juda\u00edsmo y el islam.<\/p>\n<p>La muestra, que consta de 33 fotograf\u00edas, estar\u00e1 abierta al p\u00fablico hasta el 24 de noviembre en tres iglesias del Casco Antiguo: la Catedral Bas\u00edlica Santa Mar\u00eda la Antigua, la Iglesia de la Merced y la Iglesia San Francisco de As\u00eds. Recoge memorables im\u00e1genes como la visita al Santo Sepulcro, el Muro de los Lamentos, el Museo del Holocausto, el abrazo fraterno con rabinos y musulmanes, la misa oficiada en la Abad\u00eda de la Dormici\u00f3n y el memorial de las v\u00edctimas del terrorismo. Adem\u00e1s del papa Francisco, Israel fue visitado por los papas San Pablo VI, San Juan Pablo II, Benedicto XVI.<\/p>\n<p>&nbsp;<\/p>\n","protected":false},"excerpt":{"rendered":"<p>En celebraci\u00f3n de los 25 a\u00f1os de relaciones diplom\u00e1ticas entre <a href=\"https:\/\/sertv.gob.pa\/crisolfm\/tras-las-huellas-del-papa-francisco-en-israel-exposicion-fotografica-en-casco-antiguo\/\"> [&#8230;]<\/a><\/p>\n","protected":false},"author":64,"featured_media":23891,"comment_status":"closed","ping_status":"closed","sticky":false,"template":"","format":"standard","meta":{"footnotes":""},"categories":[6],"tags":[],"class_list":["post-23890","post","type-post","status-publish","format-standard","has-post-thumbnail","hentry","category-culturales"],"_links":{"self":[{"href":"https:\/\/sertv.gob.pa\/crisolfm\/wp-json\/wp\/v2\/posts\/23890","targetHints":{"allow":["GET"]}}],"collection":[{"href":"https:\/\/sertv.gob.pa\/crisolfm\/wp-json\/wp\/v2\/posts"}],"about":[{"href":"https:\/\/sertv.gob.pa\/crisolfm\/wp-json\/wp\/v2\/types\/post"}],"author":[{"embeddable":true,"href":"https:\/\/sertv.gob.pa\/crisolfm\/wp-json\/wp\/v2\/users\/64"}],"replies":[{"embeddable":true,"href":"https:\/\/sertv.gob.pa\/crisolfm\/wp-json\/wp\/v2\/comments?post=23890"}],"version-history":[{"count":1,"href":"https:\/\/sertv.gob.pa\/crisolfm\/wp-json\/wp\/v2\/posts\/23890\/revisions"}],"predecessor-version":[{"id":23892,"href":"https:\/\/sertv.gob.pa\/crisolfm\/wp-json\/wp\/v2\/posts\/23890\/revisions\/23892"}],"wp:featuredmedia":[{"embeddable":true,"href":"https:\/\/sertv.gob.pa\/crisolfm\/wp-json\/wp\/v2\/media\/23891"}],"wp:attachment":[{"href":"https:\/\/sertv.gob.pa\/crisolfm\/wp-json\/wp\/v2\/media?parent=23890"}],"wp:term":[{"taxonomy":"category","embeddable":true,"href":"https:\/\/sertv.gob.pa\/crisolfm\/wp-json\/wp\/v2\/categories?post=23890"},{"taxonomy":"post_tag","embeddable":true,"href":"https:\/\/sertv.gob.pa\/crisolfm\/wp-json\/wp\/v2\/tags?post=23890"}],"curies":[{"name":"wp","href":"https:\/\/api.w.org\/{rel}","templated":true}]}}