{"id":23911,"date":"2019-11-08T14:30:30","date_gmt":"2019-11-08T14:30:30","guid":{"rendered":"https:\/\/sertv.gob.pa\/crisolfm\/?p=23911"},"modified":"2019-11-08T14:30:30","modified_gmt":"2019-11-08T14:30:30","slug":"un-desfile-en-la-plaza-roja-de-moscu-conmemora-la-parada-militar-de-1941","status":"publish","type":"post","link":"https:\/\/sertv.gob.pa\/crisolfm\/un-desfile-en-la-plaza-roja-de-moscu-conmemora-la-parada-militar-de-1941\/","title":{"rendered":"Un desfile en la plaza Roja de Mosc\u00fa conmemora la parada militar de 1941"},"content":{"rendered":"<p class=\"paragraph\" style=\"text-align: justify\">Unos 5.000 militares desfilaron este jueves en la plaza Roja de Mosc\u00fa para conmemorar la parada militar celebrada el 7 de noviembre de 1941, tras la cual los soldados marcharon directamente al frente para combatir a las tropas nazis, que se hallaban ya en las afueras de la ciudad.<\/p>\n<p id=\"m110-109-111\" class=\"paragraph\" style=\"text-align: justify\">El desfile fue precedido por un espect\u00e1culo, en el que participaron 600 artistas, que incluy\u00f3 canciones patri\u00f3ticas y representaciones teatralizadas e im\u00e1genes de la guerra en una pantalla gigantesca situada frente a la tribuna de honor, presidida por el alcalde de Mosc\u00fa, Sergu\u00e9i Sobianin. Cadetes de escuelas militares, efectivos del Ministerio de Defensa, as\u00ed como 60 jinetes del regimiento de caballer\u00eda del presidente de Rusia, reconstruyeron la hist\u00f3rica parada, que se celebr\u00f3 en el aniversario de la Revoluci\u00f3n Bolchevique de 1917 y en la que participaron 28.500 soldados.<\/p>\n<p class=\"paragraph\" style=\"text-align: justify\">Unos cuarenta blindados, camiones, piezas de artiller\u00eda y motocicletas de la \u00e9poca de la Segunda Guerra Mundial (1939-1945), incluido el m\u00edtico carro de combate T-34, el pu\u00f1o acorazado del Ej\u00e9rcito sovi\u00e9tico, desfilaron en la plaza Roja.<\/p>\n<p class=\"paragraph\" style=\"text-align: justify\">EFE<\/p>\n","protected":false},"excerpt":{"rendered":"<p>Unos 5.000 militares desfilaron este jueves en la plaza Roja <a href=\"https:\/\/sertv.gob.pa\/crisolfm\/un-desfile-en-la-plaza-roja-de-moscu-conmemora-la-parada-militar-de-1941\/\"> [&#8230;]<\/a><\/p>\n","protected":false},"author":64,"featured_media":23913,"comment_status":"closed","ping_status":"closed","sticky":false,"template":"","format":"standard","meta":{"footnotes":""},"categories":[6],"tags":[],"class_list":["post-23911","post","type-post","status-publish","format-standard","has-post-thumbnail","hentry","category-culturales"],"_links":{"self":[{"href":"https:\/\/sertv.gob.pa\/crisolfm\/wp-json\/wp\/v2\/posts\/23911","targetHints":{"allow":["GET"]}}],"collection":[{"href":"https:\/\/sertv.gob.pa\/crisolfm\/wp-json\/wp\/v2\/posts"}],"about":[{"href":"https:\/\/sertv.gob.pa\/crisolfm\/wp-json\/wp\/v2\/types\/post"}],"author":[{"embeddable":true,"href":"https:\/\/sertv.gob.pa\/crisolfm\/wp-json\/wp\/v2\/users\/64"}],"replies":[{"embeddable":true,"href":"https:\/\/sertv.gob.pa\/crisolfm\/wp-json\/wp\/v2\/comments?post=23911"}],"version-history":[{"count":1,"href":"https:\/\/sertv.gob.pa\/crisolfm\/wp-json\/wp\/v2\/posts\/23911\/revisions"}],"predecessor-version":[{"id":23914,"href":"https:\/\/sertv.gob.pa\/crisolfm\/wp-json\/wp\/v2\/posts\/23911\/revisions\/23914"}],"wp:featuredmedia":[{"embeddable":true,"href":"https:\/\/sertv.gob.pa\/crisolfm\/wp-json\/wp\/v2\/media\/23913"}],"wp:attachment":[{"href":"https:\/\/sertv.gob.pa\/crisolfm\/wp-json\/wp\/v2\/media?parent=23911"}],"wp:term":[{"taxonomy":"category","embeddable":true,"href":"https:\/\/sertv.gob.pa\/crisolfm\/wp-json\/wp\/v2\/categories?post=23911"},{"taxonomy":"post_tag","embeddable":true,"href":"https:\/\/sertv.gob.pa\/crisolfm\/wp-json\/wp\/v2\/tags?post=23911"}],"curies":[{"name":"wp","href":"https:\/\/api.w.org\/{rel}","templated":true}]}}