{"id":23915,"date":"2019-11-08T14:36:10","date_gmt":"2019-11-08T14:36:10","guid":{"rendered":"https:\/\/sertv.gob.pa\/crisolfm\/?p=23915"},"modified":"2019-11-08T14:36:10","modified_gmt":"2019-11-08T14:36:10","slug":"la-virgen-de-las-rocas-de-da-vinci-a-traves-de-todos-los-sentidos","status":"publish","type":"post","link":"https:\/\/sertv.gob.pa\/crisolfm\/la-virgen-de-las-rocas-de-da-vinci-a-traves-de-todos-los-sentidos\/","title":{"rendered":"La Virgen de las Rocas de Da Vinci, a trav\u00e9s de todos los sentidos"},"content":{"rendered":"<p class=\"paragraph\" style=\"text-align: justify\">Con motivo del 500 aniversario de la muerte de Leonardo Da Vinci, la National Gallery de Londres present\u00f3 este jueves una exposici\u00f3n \u201cmultisensorial\u201d que desvela el misterio de La Virgen de las Rocas, una de las pinturas m\u00e1s ic\u00f3nicas del artista. A trav\u00e9s de proyecciones, juegos de luces y estimulaci\u00f3n sensorial, el museo promete ofrecer una \u201cexperiencia inmersiva\u201d a los visitantes.<\/p>\n<p class=\"paragraph\" style=\"text-align: justify\">\u201cLa gente har\u00e1 un recorrido por el proceso creativo que Da Vinci llev\u00f3 a cabo durante la creaci\u00f3n de la Virgen de las Rocas, desde su apasionada curiosidad por la naturaleza hasta el dise\u00f1o y ejecuci\u00f3n de la obra final\u201d, explic\u00f3 Gabriele Finaldi, director de la galer\u00eda.<\/p>\n<p class=\"paragraph\" style=\"text-align: justify\">En la Galer\u00eda Nacional est\u00e1 expuesta la segunda versi\u00f3n del c\u00e9lebre cuadro, que fue encargado en 1483 por la Cofrad\u00eda Franciscana de la Inmaculada Concepci\u00f3n para decorar una capilla en la iglesia de San Francesco Grande en Mil\u00e1n. A trav\u00e9s una t\u00e9cnica de mapeo con fluorescencia de rayos X, se han podido revelar los trazos originales de la obra que distan significativamente del resultado plasmado en la pintura final.<\/p>\n<p class=\"paragraph\" style=\"text-align: justify\">Este descubrimiento, hasta ahora desconocido, ser\u00e1 uno de los misterios desvelados en esta nueva exhibici\u00f3n. \u201cEs la primera vez que hacemos algo as\u00ed\u201d, cont\u00f3 a Efe la comisaria Amanda Lilley. \u201c<\/p>\n<p class=\"paragraph\" style=\"text-align: justify\">EFE<\/p>\n","protected":false},"excerpt":{"rendered":"<p>Con motivo del 500 aniversario de la muerte de Leonardo <a href=\"https:\/\/sertv.gob.pa\/crisolfm\/la-virgen-de-las-rocas-de-da-vinci-a-traves-de-todos-los-sentidos\/\"> [&#8230;]<\/a><\/p>\n","protected":false},"author":64,"featured_media":23916,"comment_status":"closed","ping_status":"closed","sticky":false,"template":"","format":"standard","meta":{"footnotes":""},"categories":[6],"tags":[],"class_list":["post-23915","post","type-post","status-publish","format-standard","has-post-thumbnail","hentry","category-culturales"],"_links":{"self":[{"href":"https:\/\/sertv.gob.pa\/crisolfm\/wp-json\/wp\/v2\/posts\/23915","targetHints":{"allow":["GET"]}}],"collection":[{"href":"https:\/\/sertv.gob.pa\/crisolfm\/wp-json\/wp\/v2\/posts"}],"about":[{"href":"https:\/\/sertv.gob.pa\/crisolfm\/wp-json\/wp\/v2\/types\/post"}],"author":[{"embeddable":true,"href":"https:\/\/sertv.gob.pa\/crisolfm\/wp-json\/wp\/v2\/users\/64"}],"replies":[{"embeddable":true,"href":"https:\/\/sertv.gob.pa\/crisolfm\/wp-json\/wp\/v2\/comments?post=23915"}],"version-history":[{"count":1,"href":"https:\/\/sertv.gob.pa\/crisolfm\/wp-json\/wp\/v2\/posts\/23915\/revisions"}],"predecessor-version":[{"id":23917,"href":"https:\/\/sertv.gob.pa\/crisolfm\/wp-json\/wp\/v2\/posts\/23915\/revisions\/23917"}],"wp:featuredmedia":[{"embeddable":true,"href":"https:\/\/sertv.gob.pa\/crisolfm\/wp-json\/wp\/v2\/media\/23916"}],"wp:attachment":[{"href":"https:\/\/sertv.gob.pa\/crisolfm\/wp-json\/wp\/v2\/media?parent=23915"}],"wp:term":[{"taxonomy":"category","embeddable":true,"href":"https:\/\/sertv.gob.pa\/crisolfm\/wp-json\/wp\/v2\/categories?post=23915"},{"taxonomy":"post_tag","embeddable":true,"href":"https:\/\/sertv.gob.pa\/crisolfm\/wp-json\/wp\/v2\/tags?post=23915"}],"curies":[{"name":"wp","href":"https:\/\/api.w.org\/{rel}","templated":true}]}}