{"id":23930,"date":"2019-11-08T15:33:26","date_gmt":"2019-11-08T15:33:26","guid":{"rendered":"https:\/\/sertv.gob.pa\/crisolfm\/?p=23930"},"modified":"2019-11-08T15:33:26","modified_gmt":"2019-11-08T15:33:26","slug":"quinta-edicion-de-hay-festival-arequipa-2019","status":"publish","type":"post","link":"https:\/\/sertv.gob.pa\/crisolfm\/quinta-edicion-de-hay-festival-arequipa-2019\/","title":{"rendered":"Quinta edici\u00f3n de \u201cHay Festival Arequipa 2019\u201d"},"content":{"rendered":"<p style=\"text-align: justify\">El Hay Festival Arequipa 2019 inaugur\u00f3 ayer su quinta edici\u00f3n. Ha recibido invitados de Argentina, Bolivia, Chile, Colombia, M\u00e9xico y Venezuela que contrastan las realidades individuales de sus pa\u00edses para formar un amplio panorama de la Latinoam\u00e9rica actual.\u00a0Narradores, editores, poetas y periodistas de norte a sur de Am\u00e9rica hispanohablante conversar\u00e1n de literatura, filosof\u00eda, poes\u00eda, historia y feminismo.<\/p>\n<p style=\"text-align: justify\">Algunos de los mejores escritores de ficci\u00f3n de Latinoam\u00e9rica se encuentran entre los participantes de esta edici\u00f3n del Festival.\u00a0Entre ellos, cuatro autores de la lista Bogot\u00e139, secci\u00f3n de escritores latinoamericanos de ficci\u00f3n menores de 40 a\u00f1os, compilada en 2007 en el marco de Bogot\u00e1 como la Capital Mundial del Libro por la UNESCO con el Hay Festival.<\/p>\n<p class=\"paragraph\" style=\"text-align: justify\">\n","protected":false},"excerpt":{"rendered":"<p>El Hay Festival Arequipa 2019 inaugur\u00f3 ayer su quinta edici\u00f3n. <a href=\"https:\/\/sertv.gob.pa\/crisolfm\/quinta-edicion-de-hay-festival-arequipa-2019\/\"> [&#8230;]<\/a><\/p>\n","protected":false},"author":64,"featured_media":23931,"comment_status":"closed","ping_status":"closed","sticky":false,"template":"","format":"standard","meta":{"footnotes":""},"categories":[6],"tags":[],"class_list":["post-23930","post","type-post","status-publish","format-standard","has-post-thumbnail","hentry","category-culturales"],"_links":{"self":[{"href":"https:\/\/sertv.gob.pa\/crisolfm\/wp-json\/wp\/v2\/posts\/23930","targetHints":{"allow":["GET"]}}],"collection":[{"href":"https:\/\/sertv.gob.pa\/crisolfm\/wp-json\/wp\/v2\/posts"}],"about":[{"href":"https:\/\/sertv.gob.pa\/crisolfm\/wp-json\/wp\/v2\/types\/post"}],"author":[{"embeddable":true,"href":"https:\/\/sertv.gob.pa\/crisolfm\/wp-json\/wp\/v2\/users\/64"}],"replies":[{"embeddable":true,"href":"https:\/\/sertv.gob.pa\/crisolfm\/wp-json\/wp\/v2\/comments?post=23930"}],"version-history":[{"count":1,"href":"https:\/\/sertv.gob.pa\/crisolfm\/wp-json\/wp\/v2\/posts\/23930\/revisions"}],"predecessor-version":[{"id":23932,"href":"https:\/\/sertv.gob.pa\/crisolfm\/wp-json\/wp\/v2\/posts\/23930\/revisions\/23932"}],"wp:featuredmedia":[{"embeddable":true,"href":"https:\/\/sertv.gob.pa\/crisolfm\/wp-json\/wp\/v2\/media\/23931"}],"wp:attachment":[{"href":"https:\/\/sertv.gob.pa\/crisolfm\/wp-json\/wp\/v2\/media?parent=23930"}],"wp:term":[{"taxonomy":"category","embeddable":true,"href":"https:\/\/sertv.gob.pa\/crisolfm\/wp-json\/wp\/v2\/categories?post=23930"},{"taxonomy":"post_tag","embeddable":true,"href":"https:\/\/sertv.gob.pa\/crisolfm\/wp-json\/wp\/v2\/tags?post=23930"}],"curies":[{"name":"wp","href":"https:\/\/api.w.org\/{rel}","templated":true}]}}