{"id":23942,"date":"2019-11-08T16:51:04","date_gmt":"2019-11-08T16:51:04","guid":{"rendered":"https:\/\/sertv.gob.pa\/crisolfm\/?p=23942"},"modified":"2019-11-08T16:51:04","modified_gmt":"2019-11-08T16:51:04","slug":"cumbre-iberoamericana-de-ciclo-siete","status":"publish","type":"post","link":"https:\/\/sertv.gob.pa\/crisolfm\/cumbre-iberoamericana-de-ciclo-siete\/","title":{"rendered":"Cumbre Iberoamericana de Ciclo Siete"},"content":{"rendered":"<p>El modelo de gesti\u00f3n de turismo sostenible de Ceres Ecotur y la trayectoria de compromiso para liderar actividades y experiencias de la Fundaci\u00f3n Ecoagroturismo ser\u00e1n reconocidos en la Cumbre Iberoamericana de Ciclo Siete, que est\u00e1 teniendo lugar durante estos d\u00edas en el municipio de <strong>Guatap\u00e9, en Antioqu\u00eda, Colombia<\/strong>.<\/p>\n<p>Seg\u00fan los organizadores de este encuentro, la labor de la espa\u00f1ola Fundaci\u00f3n Ecoagroturismo \u201ccontribuye a la generaci\u00f3n de conciencia sobre el desarrollo sostenible y es motivo de inspiraci\u00f3n para todos aquellos implicados en un estilo de vida m\u00e1s saludable y en la conservaci\u00f3n de nuestro ecosistema\u201d.<\/p>\n<p>Para Severino Garc\u00eda, presidente de la Fundaci\u00f3n Ecoagroturismo, este reconocimiento \u201ces motivo de orgullo y un gran impulso para que sigamos trabajando en la misma l\u00ednea, implicando a m\u00e1s <strong>casas rurales y establecimientos tur\u00edsticos de Espa\u00f1a<\/strong>, Portugal e Iberoam\u00e9rica en la consolidaci\u00f3n de un modelo conjunto de turismo sostenible comprometido con los ODS de la Agenda 2030 para el Desarrollo Sostenible\u201d.<\/p>\n<p>Ciclo Siete es una comunidad formada por m\u00e1s de 700 organizaciones procedentes de 22 pa\u00edses. Su fin principal es generar conciencia sobre la necesidad de <strong>generar desarrollo sostenible <\/strong>e impactar de forma positiva en los ecosistemas de todo el mundo. Anualmente celebran una Cumbre en la que se re\u00fanen los principales l\u00edderes de esta iniciativa.<\/p>\n<p>ECOticias<\/p>\n","protected":false},"excerpt":{"rendered":"<p>El modelo de gesti\u00f3n de turismo sostenible de Ceres Ecotur <a href=\"https:\/\/sertv.gob.pa\/crisolfm\/cumbre-iberoamericana-de-ciclo-siete\/\"> [&#8230;]<\/a><\/p>\n","protected":false},"author":64,"featured_media":23943,"comment_status":"closed","ping_status":"closed","sticky":false,"template":"","format":"standard","meta":{"footnotes":""},"categories":[7],"tags":[],"class_list":["post-23942","post","type-post","status-publish","format-standard","has-post-thumbnail","hentry","category-ecologicas"],"_links":{"self":[{"href":"https:\/\/sertv.gob.pa\/crisolfm\/wp-json\/wp\/v2\/posts\/23942","targetHints":{"allow":["GET"]}}],"collection":[{"href":"https:\/\/sertv.gob.pa\/crisolfm\/wp-json\/wp\/v2\/posts"}],"about":[{"href":"https:\/\/sertv.gob.pa\/crisolfm\/wp-json\/wp\/v2\/types\/post"}],"author":[{"embeddable":true,"href":"https:\/\/sertv.gob.pa\/crisolfm\/wp-json\/wp\/v2\/users\/64"}],"replies":[{"embeddable":true,"href":"https:\/\/sertv.gob.pa\/crisolfm\/wp-json\/wp\/v2\/comments?post=23942"}],"version-history":[{"count":1,"href":"https:\/\/sertv.gob.pa\/crisolfm\/wp-json\/wp\/v2\/posts\/23942\/revisions"}],"predecessor-version":[{"id":23944,"href":"https:\/\/sertv.gob.pa\/crisolfm\/wp-json\/wp\/v2\/posts\/23942\/revisions\/23944"}],"wp:featuredmedia":[{"embeddable":true,"href":"https:\/\/sertv.gob.pa\/crisolfm\/wp-json\/wp\/v2\/media\/23943"}],"wp:attachment":[{"href":"https:\/\/sertv.gob.pa\/crisolfm\/wp-json\/wp\/v2\/media?parent=23942"}],"wp:term":[{"taxonomy":"category","embeddable":true,"href":"https:\/\/sertv.gob.pa\/crisolfm\/wp-json\/wp\/v2\/categories?post=23942"},{"taxonomy":"post_tag","embeddable":true,"href":"https:\/\/sertv.gob.pa\/crisolfm\/wp-json\/wp\/v2\/tags?post=23942"}],"curies":[{"name":"wp","href":"https:\/\/api.w.org\/{rel}","templated":true}]}}