{"id":23945,"date":"2019-11-10T13:24:03","date_gmt":"2019-11-10T13:24:03","guid":{"rendered":"https:\/\/sertv.gob.pa\/crisolfm\/?p=23945"},"modified":"2019-11-10T13:24:03","modified_gmt":"2019-11-10T13:24:03","slug":"ninos-de-colon-transforman-la-basura-en-arte","status":"publish","type":"post","link":"https:\/\/sertv.gob.pa\/crisolfm\/ninos-de-colon-transforman-la-basura-en-arte\/","title":{"rendered":"Ni\u00f1os de Col\u00f3n transforman la basura en arte"},"content":{"rendered":"<p>Un grupo de\u00a0ni\u00f1os y adolescentes\u00a0de la comunidad de \u201cPunta del Medio\u201d, en el corregimiento de Nuevo Chagres, en la Costa Abajo de Col\u00f3n, con tal de cuidar el medio ambiente participan de limpiezas de playas y luego con el material reciclado crean hermosas obras de arte.<\/p>\n<p>\u201cPlanetario Verde\u201d, se llama el taller de arte y creatividad con \u00e9nfasis en materiales recolectados de la playa, dirigido a un grupo de j\u00f3venes entre\u00a08 a 14 a\u00f1os. El curso\u00a0durar\u00e1 6 meses, culminando con la clausura del taller y la exposici\u00f3n de los trabajos realizados, en el mes de marzo del 2020.<\/p>\n<p>\u00abEs necesario ir trabajando en estos movimientos, porque el tercer puente sobre el Canal ya es una realidad y los residentes deben ir prepar\u00e1ndose para dar la bienvenida a los turistas que llegan al sector.\u00bb, se\u00f1al\u00f3\u00a0Alexis Mu\u00f1oz, enlace presidencial en las Costas de Col\u00f3n.<\/p>\n<p>Mientras que Amir Beteg\u00f3n, quien tuvo la iniciativa de este primer proyecto, destac\u00f3 que los turistas tendr\u00e1n la oportunidad de obtener art\u00edculos \u00fanicos, aut\u00f3ctonos del lugar y hechos por los ni\u00f1os de las comunidades del distrito de Chagres. Al final del taller los ni\u00f1os contar\u00e1n con una herramienta para obtener ingresos econ\u00f3micos dignos, sin impactar negativamente en el ambiente y utilizando la actividad pl\u00e1stica, para desarrollar la personalidad creativa y como medio de auto expresi\u00f3n.<\/p>\n<p>&nbsp;<\/p>\n","protected":false},"excerpt":{"rendered":"<p>Un grupo de\u00a0ni\u00f1os y adolescentes\u00a0de la comunidad de \u201cPunta del <a href=\"https:\/\/sertv.gob.pa\/crisolfm\/ninos-de-colon-transforman-la-basura-en-arte\/\"> [&#8230;]<\/a><\/p>\n","protected":false},"author":64,"featured_media":23946,"comment_status":"closed","ping_status":"closed","sticky":false,"template":"","format":"standard","meta":{"footnotes":""},"categories":[7],"tags":[],"class_list":["post-23945","post","type-post","status-publish","format-standard","has-post-thumbnail","hentry","category-ecologicas"],"_links":{"self":[{"href":"https:\/\/sertv.gob.pa\/crisolfm\/wp-json\/wp\/v2\/posts\/23945","targetHints":{"allow":["GET"]}}],"collection":[{"href":"https:\/\/sertv.gob.pa\/crisolfm\/wp-json\/wp\/v2\/posts"}],"about":[{"href":"https:\/\/sertv.gob.pa\/crisolfm\/wp-json\/wp\/v2\/types\/post"}],"author":[{"embeddable":true,"href":"https:\/\/sertv.gob.pa\/crisolfm\/wp-json\/wp\/v2\/users\/64"}],"replies":[{"embeddable":true,"href":"https:\/\/sertv.gob.pa\/crisolfm\/wp-json\/wp\/v2\/comments?post=23945"}],"version-history":[{"count":1,"href":"https:\/\/sertv.gob.pa\/crisolfm\/wp-json\/wp\/v2\/posts\/23945\/revisions"}],"predecessor-version":[{"id":23947,"href":"https:\/\/sertv.gob.pa\/crisolfm\/wp-json\/wp\/v2\/posts\/23945\/revisions\/23947"}],"wp:featuredmedia":[{"embeddable":true,"href":"https:\/\/sertv.gob.pa\/crisolfm\/wp-json\/wp\/v2\/media\/23946"}],"wp:attachment":[{"href":"https:\/\/sertv.gob.pa\/crisolfm\/wp-json\/wp\/v2\/media?parent=23945"}],"wp:term":[{"taxonomy":"category","embeddable":true,"href":"https:\/\/sertv.gob.pa\/crisolfm\/wp-json\/wp\/v2\/categories?post=23945"},{"taxonomy":"post_tag","embeddable":true,"href":"https:\/\/sertv.gob.pa\/crisolfm\/wp-json\/wp\/v2\/tags?post=23945"}],"curies":[{"name":"wp","href":"https:\/\/api.w.org\/{rel}","templated":true}]}}