{"id":23948,"date":"2019-11-10T13:30:06","date_gmt":"2019-11-10T13:30:06","guid":{"rendered":"https:\/\/sertv.gob.pa\/crisolfm\/?p=23948"},"modified":"2019-11-10T13:30:06","modified_gmt":"2019-11-10T13:30:06","slug":"pintan-mural-gigante-de-greta-thunberg-en-el-centro-de-san-francisco","status":"publish","type":"post","link":"https:\/\/sertv.gob.pa\/crisolfm\/pintan-mural-gigante-de-greta-thunberg-en-el-centro-de-san-francisco\/","title":{"rendered":"Pintan mural gigante de Greta Thunberg en el centro de San Francisco"},"content":{"rendered":"<p>El artista argentino Andr\u00e9s \u00abCobre\u00bb Iglesias empez\u00f3 a pintar este viernes un mural gigantesco con la cara de la medi\u00e1tica activista sueca contra la crisis clim\u00e1tica Greta Thunberg en la pared de un edificio en el centro de San Francisco (EE.UU.), desde donde dirige la mirada a los transe\u00fantes.<\/p>\n<p>El artista trabaja desde una plataforma met\u00e1lica colgada desde lo alto del edificio de diez plantas y planea haber terminado la pintura, por la que no est\u00e1 cobrando nada y cuyo material est\u00e1 siendo pagado por una organizaci\u00f3n sin \u00e1nimo de lucro local, la semana que viene. \u00abEste es un mural m\u00e1s pol\u00edtico (que sus trabajos anteriores) porque quiero que la gente piense \u00bfCu\u00e1l es el mensaje que hay detr\u00e1s? Que quiz\u00e1 cree conversaciones entre amigos como por ejemplo \u00bfHas visto el mural de Greta? \u00bfDe qu\u00e9 trata? De cambio clim\u00e1tico\u00bb, indic\u00f3 Iglesias a la prensa local.<\/p>\n<p>El artista es conocido en la ciudad californiana por otro trabajo previo en el que retrat\u00f3 tambi\u00e9n en grandes dimensiones y en una calle c\u00e9ntrica al actor Robin Williams, fallecido en 2014 y hasta entonces uno de los vecinos m\u00e1s carism\u00e1ticos del \u00e1rea de la Bah\u00eda de San Francisco.<\/p>\n<p>Thunberg logr\u00f3 reconocimiento internacional este a\u00f1o tras lanzar un movimiento medioambiental en todo el mundo conocido como \u00abFridaysForFuture\u00bb (Viernes por el Futuro), que comenz\u00f3 con una huelga escolar semanal frente al Parlamento de su pa\u00eds pidiendo medidas para la emergencia clim\u00e1tica.<\/p>\n<p>EFE<\/p>\n","protected":false},"excerpt":{"rendered":"<p>El artista argentino Andr\u00e9s \u00abCobre\u00bb Iglesias empez\u00f3 a pintar este <a href=\"https:\/\/sertv.gob.pa\/crisolfm\/pintan-mural-gigante-de-greta-thunberg-en-el-centro-de-san-francisco\/\"> [&#8230;]<\/a><\/p>\n","protected":false},"author":64,"featured_media":23949,"comment_status":"closed","ping_status":"closed","sticky":false,"template":"","format":"standard","meta":{"footnotes":""},"categories":[7],"tags":[],"class_list":["post-23948","post","type-post","status-publish","format-standard","has-post-thumbnail","hentry","category-ecologicas"],"_links":{"self":[{"href":"https:\/\/sertv.gob.pa\/crisolfm\/wp-json\/wp\/v2\/posts\/23948","targetHints":{"allow":["GET"]}}],"collection":[{"href":"https:\/\/sertv.gob.pa\/crisolfm\/wp-json\/wp\/v2\/posts"}],"about":[{"href":"https:\/\/sertv.gob.pa\/crisolfm\/wp-json\/wp\/v2\/types\/post"}],"author":[{"embeddable":true,"href":"https:\/\/sertv.gob.pa\/crisolfm\/wp-json\/wp\/v2\/users\/64"}],"replies":[{"embeddable":true,"href":"https:\/\/sertv.gob.pa\/crisolfm\/wp-json\/wp\/v2\/comments?post=23948"}],"version-history":[{"count":1,"href":"https:\/\/sertv.gob.pa\/crisolfm\/wp-json\/wp\/v2\/posts\/23948\/revisions"}],"predecessor-version":[{"id":23950,"href":"https:\/\/sertv.gob.pa\/crisolfm\/wp-json\/wp\/v2\/posts\/23948\/revisions\/23950"}],"wp:featuredmedia":[{"embeddable":true,"href":"https:\/\/sertv.gob.pa\/crisolfm\/wp-json\/wp\/v2\/media\/23949"}],"wp:attachment":[{"href":"https:\/\/sertv.gob.pa\/crisolfm\/wp-json\/wp\/v2\/media?parent=23948"}],"wp:term":[{"taxonomy":"category","embeddable":true,"href":"https:\/\/sertv.gob.pa\/crisolfm\/wp-json\/wp\/v2\/categories?post=23948"},{"taxonomy":"post_tag","embeddable":true,"href":"https:\/\/sertv.gob.pa\/crisolfm\/wp-json\/wp\/v2\/tags?post=23948"}],"curies":[{"name":"wp","href":"https:\/\/api.w.org\/{rel}","templated":true}]}}