{"id":23951,"date":"2019-11-10T13:36:58","date_gmt":"2019-11-10T13:36:58","guid":{"rendered":"https:\/\/sertv.gob.pa\/crisolfm\/?p=23951"},"modified":"2019-11-10T13:36:58","modified_gmt":"2019-11-10T13:36:58","slug":"jane-fonda-marcha-hasta-la-casa-blanca-en-protesta-por-la-crisis-climatica","status":"publish","type":"post","link":"https:\/\/sertv.gob.pa\/crisolfm\/jane-fonda-marcha-hasta-la-casa-blanca-en-protesta-por-la-crisis-climatica\/","title":{"rendered":"Jane Fonda marcha hasta la Casa Blanca en protesta por la crisis clim\u00e1tica"},"content":{"rendered":"<p>La actriz Jane Fonda march\u00f3 este viernes por el centro de Washington, desde el Capitolio hasta la Casa Blanca, en protesta por la crisis clim\u00e1tica y contra \u00abel rol de las guerras y del ej\u00e9rcito de EE.UU.\u00bb en el calentamiento global. Fonda march\u00f3 acompa\u00f1ada de medio millar de manifestantes que profer\u00edan gritos como \u00abhay que hacer la tierra grande de nuevo, no a Estados Unidos\u00bb, \u00abJane acaba con la lucha\u00bb o \u00abEsto no es un simulacro, nuestra casa est\u00e1 en llamas\u00bb.<\/p>\n<p>El grupo Fire Drill Fridays (simulacro de incendio de los viernes), creado por la propia Fonda, organiz\u00f3 la marcha, la primera desde que sus integrantes comenzaran a protestar todos los viernes frente al Capitolio, hace cuatro semanas, con la detenci\u00f3n de la artista en todas ellas, algo que no ocurri\u00f3 este viernes. Fonda hab\u00eda prometido con anterioridad que continuar\u00e1 estas protestas durante los 14 viernes que habr\u00e1 de estar en la capital estadounidense con motivo de la producci\u00f3n de la serie \u00abGrace and Frankie\u00bb, de Netflix.<\/p>\n<p>La actriz tiene un amplio historial como activista en defensa de varias causas: En 1972, durante la Guerra de Vietnam, Fonda realiz\u00f3 una visita a Han\u00f3i y pos\u00f3 en algunas fotograf\u00edas sentada en una pieza de artiller\u00eda antia\u00e9rea vietnamita.<\/p>\n<p>EFE<\/p>\n","protected":false},"excerpt":{"rendered":"<p>La actriz Jane Fonda march\u00f3 este viernes por el centro <a href=\"https:\/\/sertv.gob.pa\/crisolfm\/jane-fonda-marcha-hasta-la-casa-blanca-en-protesta-por-la-crisis-climatica\/\"> [&#8230;]<\/a><\/p>\n","protected":false},"author":64,"featured_media":23952,"comment_status":"closed","ping_status":"closed","sticky":false,"template":"","format":"standard","meta":{"footnotes":""},"categories":[7],"tags":[],"class_list":["post-23951","post","type-post","status-publish","format-standard","has-post-thumbnail","hentry","category-ecologicas"],"_links":{"self":[{"href":"https:\/\/sertv.gob.pa\/crisolfm\/wp-json\/wp\/v2\/posts\/23951","targetHints":{"allow":["GET"]}}],"collection":[{"href":"https:\/\/sertv.gob.pa\/crisolfm\/wp-json\/wp\/v2\/posts"}],"about":[{"href":"https:\/\/sertv.gob.pa\/crisolfm\/wp-json\/wp\/v2\/types\/post"}],"author":[{"embeddable":true,"href":"https:\/\/sertv.gob.pa\/crisolfm\/wp-json\/wp\/v2\/users\/64"}],"replies":[{"embeddable":true,"href":"https:\/\/sertv.gob.pa\/crisolfm\/wp-json\/wp\/v2\/comments?post=23951"}],"version-history":[{"count":1,"href":"https:\/\/sertv.gob.pa\/crisolfm\/wp-json\/wp\/v2\/posts\/23951\/revisions"}],"predecessor-version":[{"id":23953,"href":"https:\/\/sertv.gob.pa\/crisolfm\/wp-json\/wp\/v2\/posts\/23951\/revisions\/23953"}],"wp:featuredmedia":[{"embeddable":true,"href":"https:\/\/sertv.gob.pa\/crisolfm\/wp-json\/wp\/v2\/media\/23952"}],"wp:attachment":[{"href":"https:\/\/sertv.gob.pa\/crisolfm\/wp-json\/wp\/v2\/media?parent=23951"}],"wp:term":[{"taxonomy":"category","embeddable":true,"href":"https:\/\/sertv.gob.pa\/crisolfm\/wp-json\/wp\/v2\/categories?post=23951"},{"taxonomy":"post_tag","embeddable":true,"href":"https:\/\/sertv.gob.pa\/crisolfm\/wp-json\/wp\/v2\/tags?post=23951"}],"curies":[{"name":"wp","href":"https:\/\/api.w.org\/{rel}","templated":true}]}}