{"id":23991,"date":"2019-11-12T13:38:50","date_gmt":"2019-11-12T13:38:50","guid":{"rendered":"https:\/\/sertv.gob.pa\/crisolfm\/?p=23991"},"modified":"2019-11-12T13:38:50","modified_gmt":"2019-11-12T13:38:50","slug":"panama-centro-gana-el-concurso-nacional-de-oratoria-2019","status":"publish","type":"post","link":"https:\/\/sertv.gob.pa\/crisolfm\/panama-centro-gana-el-concurso-nacional-de-oratoria-2019\/","title":{"rendered":"Panam\u00e1 centro gana el Concurso Nacional de Oratoria 2019"},"content":{"rendered":"<p>La estudiante, Meryen Gonz\u00e1lez, del Colegio Adventista Metropolitano (Panam\u00e1 centro), de la regi\u00f3n educativa de Panam\u00e1 Centro gan\u00f3, la noche de este lunes 11 de noviembre, la Copa del Concurso Nacional de Oratoria 2019.<\/p>\n<p>Este a\u00f1o fueron 15 los j\u00f3venes que se disputaron la Copa de este concurso que celebraba su d\u00e9cima quinta edici\u00f3n con el lema: \u201cEducaci\u00f3n y ciudadan\u00eda responsable, base para la justicia y el desarrollo humano\u201d. Con un Centro de Convenciones Atlapa abarrotado, los j\u00f3venes fueron desarrollando sus exponencias bajo la mirada del jurado calificador.<\/p>\n<p>El segundo lugar fue para Emilio Zeballos, de The Oxford School (Panam\u00e1 centro) y el tercer puesto para Jassiel Barreno, del Colegio Monse\u00f1or Francisco Beckmann (Panama norte).<\/p>\n<p>&nbsp;<\/p>\n<p>&nbsp;<\/p>\n","protected":false},"excerpt":{"rendered":"<p>La estudiante, Meryen Gonz\u00e1lez, del Colegio Adventista Metropolitano (Panam\u00e1 centro), <a href=\"https:\/\/sertv.gob.pa\/crisolfm\/panama-centro-gana-el-concurso-nacional-de-oratoria-2019\/\"> [&#8230;]<\/a><\/p>\n","protected":false},"author":64,"featured_media":23992,"comment_status":"closed","ping_status":"closed","sticky":false,"template":"","format":"standard","meta":{"footnotes":""},"categories":[6],"tags":[],"class_list":["post-23991","post","type-post","status-publish","format-standard","has-post-thumbnail","hentry","category-culturales"],"_links":{"self":[{"href":"https:\/\/sertv.gob.pa\/crisolfm\/wp-json\/wp\/v2\/posts\/23991","targetHints":{"allow":["GET"]}}],"collection":[{"href":"https:\/\/sertv.gob.pa\/crisolfm\/wp-json\/wp\/v2\/posts"}],"about":[{"href":"https:\/\/sertv.gob.pa\/crisolfm\/wp-json\/wp\/v2\/types\/post"}],"author":[{"embeddable":true,"href":"https:\/\/sertv.gob.pa\/crisolfm\/wp-json\/wp\/v2\/users\/64"}],"replies":[{"embeddable":true,"href":"https:\/\/sertv.gob.pa\/crisolfm\/wp-json\/wp\/v2\/comments?post=23991"}],"version-history":[{"count":1,"href":"https:\/\/sertv.gob.pa\/crisolfm\/wp-json\/wp\/v2\/posts\/23991\/revisions"}],"predecessor-version":[{"id":23993,"href":"https:\/\/sertv.gob.pa\/crisolfm\/wp-json\/wp\/v2\/posts\/23991\/revisions\/23993"}],"wp:featuredmedia":[{"embeddable":true,"href":"https:\/\/sertv.gob.pa\/crisolfm\/wp-json\/wp\/v2\/media\/23992"}],"wp:attachment":[{"href":"https:\/\/sertv.gob.pa\/crisolfm\/wp-json\/wp\/v2\/media?parent=23991"}],"wp:term":[{"taxonomy":"category","embeddable":true,"href":"https:\/\/sertv.gob.pa\/crisolfm\/wp-json\/wp\/v2\/categories?post=23991"},{"taxonomy":"post_tag","embeddable":true,"href":"https:\/\/sertv.gob.pa\/crisolfm\/wp-json\/wp\/v2\/tags?post=23991"}],"curies":[{"name":"wp","href":"https:\/\/api.w.org\/{rel}","templated":true}]}}