{"id":24000,"date":"2019-11-12T14:13:14","date_gmt":"2019-11-12T14:13:14","guid":{"rendered":"https:\/\/sertv.gob.pa\/crisolfm\/?p=24000"},"modified":"2019-11-12T14:13:14","modified_gmt":"2019-11-12T14:13:14","slug":"abren-postulaciones-para-concurso-de-la-decima-jose-del-carmen-gonzalez-2019","status":"publish","type":"post","link":"https:\/\/sertv.gob.pa\/crisolfm\/abren-postulaciones-para-concurso-de-la-decima-jose-del-carmen-gonzalez-2019\/","title":{"rendered":"Abren postulaciones para Concurso de la D\u00e9cima Jos\u00e9 Del Carmen Gonz\u00e1lez 2019"},"content":{"rendered":"<p>El Comit\u00e9 C\u00edvico de Tice\u00f1os Residentes en Panam\u00e1 abri\u00f3 este s\u00e1bado la inscripci\u00f3n para el Concurso de D\u00e9cima cantada Jos\u00e9 Del Carmen Gonz\u00e1lez \u00abEl Orgullo de La Tiza\u00bb 2019, en el marco de los 50 a\u00f1os de la desaparici\u00f3n f\u00edsica del ilustre paname\u00f1o.<\/p>\n<p>El Comit\u00e9 invita a los j\u00f3venes talentos en el territorio nacional a participar en esta actividad dirigida a fortalecer las ra\u00edces culturales del pa\u00eds y proyectar el talento de nuevos valores del canto de la d\u00e9cima paname\u00f1a.<\/p>\n<p>Los interesados deben acceder al sitio web <a href=\"https:\/\/www.laestrella.com.pa\/cafe-estrella\/cultura\/191109\/abren-postulaciones-concurso-decima-jose-carmen-gonzalez-2019\" target=\"_blank\" rel=\"noopener\">https:\/\/bit.ly\/32D8WzS <\/a>y llenar el formulario de inscripci\u00f3n antes de las 9:00 p.m. del pr\u00f3ximo 25 de noviembre.<\/p>\n<p>El Comit\u00e9 C\u00edvico de Tice\u00f1os Residentes en Panam\u00e1 lo integran Juan A. Gonz\u00e1lez Ruiz, presidente; Raquel A. Gonz\u00e1lez de Tejeira, secretaria; Ernestina Gonz\u00e1lez de Ruiz, secretaria de Finanzas con el apoyo de Discos Tamayo.<\/p>\n<p>&nbsp;<\/p>\n","protected":false},"excerpt":{"rendered":"<p>El Comit\u00e9 C\u00edvico de Tice\u00f1os Residentes en Panam\u00e1 abri\u00f3 este <a href=\"https:\/\/sertv.gob.pa\/crisolfm\/abren-postulaciones-para-concurso-de-la-decima-jose-del-carmen-gonzalez-2019\/\"> [&#8230;]<\/a><\/p>\n","protected":false},"author":64,"featured_media":24001,"comment_status":"closed","ping_status":"closed","sticky":false,"template":"","format":"standard","meta":{"footnotes":""},"categories":[6],"tags":[],"class_list":["post-24000","post","type-post","status-publish","format-standard","has-post-thumbnail","hentry","category-culturales"],"_links":{"self":[{"href":"https:\/\/sertv.gob.pa\/crisolfm\/wp-json\/wp\/v2\/posts\/24000","targetHints":{"allow":["GET"]}}],"collection":[{"href":"https:\/\/sertv.gob.pa\/crisolfm\/wp-json\/wp\/v2\/posts"}],"about":[{"href":"https:\/\/sertv.gob.pa\/crisolfm\/wp-json\/wp\/v2\/types\/post"}],"author":[{"embeddable":true,"href":"https:\/\/sertv.gob.pa\/crisolfm\/wp-json\/wp\/v2\/users\/64"}],"replies":[{"embeddable":true,"href":"https:\/\/sertv.gob.pa\/crisolfm\/wp-json\/wp\/v2\/comments?post=24000"}],"version-history":[{"count":1,"href":"https:\/\/sertv.gob.pa\/crisolfm\/wp-json\/wp\/v2\/posts\/24000\/revisions"}],"predecessor-version":[{"id":24002,"href":"https:\/\/sertv.gob.pa\/crisolfm\/wp-json\/wp\/v2\/posts\/24000\/revisions\/24002"}],"wp:featuredmedia":[{"embeddable":true,"href":"https:\/\/sertv.gob.pa\/crisolfm\/wp-json\/wp\/v2\/media\/24001"}],"wp:attachment":[{"href":"https:\/\/sertv.gob.pa\/crisolfm\/wp-json\/wp\/v2\/media?parent=24000"}],"wp:term":[{"taxonomy":"category","embeddable":true,"href":"https:\/\/sertv.gob.pa\/crisolfm\/wp-json\/wp\/v2\/categories?post=24000"},{"taxonomy":"post_tag","embeddable":true,"href":"https:\/\/sertv.gob.pa\/crisolfm\/wp-json\/wp\/v2\/tags?post=24000"}],"curies":[{"name":"wp","href":"https:\/\/api.w.org\/{rel}","templated":true}]}}