{"id":24003,"date":"2019-11-12T14:22:17","date_gmt":"2019-11-12T14:22:17","guid":{"rendered":"https:\/\/sertv.gob.pa\/crisolfm\/?p=24003"},"modified":"2019-11-12T14:22:17","modified_gmt":"2019-11-12T14:22:17","slug":"vargas-llosa-y-la-cultura-india-protagonistas-en-la-fil-de-guadalajara-2019","status":"publish","type":"post","link":"https:\/\/sertv.gob.pa\/crisolfm\/vargas-llosa-y-la-cultura-india-protagonistas-en-la-fil-de-guadalajara-2019\/","title":{"rendered":"Vargas Llosa y la cultura india, protagonistas en la FIL de Guadalajara 2019"},"content":{"rendered":"<p>El nobel peruano Mario Vargas Llosa ser\u00e1 uno de los grandes protagonistas de la Feria Internacional del Libro de Guadalajara (FIL), que en su edici\u00f3n n\u00famero 33 se vestir\u00e1 con los colores de la India y buscar\u00e1 reinventarse con las nuevas tendencias, explic\u00f3 a Efe la directora del festival, Marisol Schulz.<\/p>\n<p>\u00abEl equipo de la feria tiene una especie de antena parab\u00f3lica para ver qu\u00e9 est\u00e1 pasando en el mundo, qu\u00e9 hay de consumo cultural y qu\u00e9 est\u00e1n requiriendo los j\u00f3venes. Tenemos que estar abiertos a esas demandas en la medida de lo posible\u00bb, cont\u00f3 en entrevista la responsable del festival literario m\u00e1s grande del mundo en espa\u00f1ol.<\/p>\n<p>Es por eso que la FIL ha incorporado en los \u00faltimos a\u00f1os secciones gastron\u00f3micas, un apartado sobre el libro electr\u00f3nico o un festival dedicado al c\u00f3mic, que este a\u00f1o contar\u00e1 con la esperada presencia de Frank Miller, escritor e ilustrador de \u00abBatman: The Dark Knight Returns\u00bb (1986).<\/p>\n<p>Pero la FIL Guadalajara 2019, entre el 30 de noviembre y el 8 de diciembre, dar\u00e1 un paso m\u00e1s all\u00e1 y tendr\u00e1 un encuentro de &#8216;youtubers&#8217; e &#8216;influencers&#8217; como el mexicano Luisito Comunica, algo que para la organizaci\u00f3n supone \u00abun reto de control de p\u00fablico\u00bb para evitar que se desborde.<\/p>\n<p>EFE<\/p>\n","protected":false},"excerpt":{"rendered":"<p>El nobel peruano Mario Vargas Llosa ser\u00e1 uno de los <a href=\"https:\/\/sertv.gob.pa\/crisolfm\/vargas-llosa-y-la-cultura-india-protagonistas-en-la-fil-de-guadalajara-2019\/\"> [&#8230;]<\/a><\/p>\n","protected":false},"author":64,"featured_media":24004,"comment_status":"closed","ping_status":"closed","sticky":false,"template":"","format":"standard","meta":{"footnotes":""},"categories":[6],"tags":[],"class_list":["post-24003","post","type-post","status-publish","format-standard","has-post-thumbnail","hentry","category-culturales"],"_links":{"self":[{"href":"https:\/\/sertv.gob.pa\/crisolfm\/wp-json\/wp\/v2\/posts\/24003","targetHints":{"allow":["GET"]}}],"collection":[{"href":"https:\/\/sertv.gob.pa\/crisolfm\/wp-json\/wp\/v2\/posts"}],"about":[{"href":"https:\/\/sertv.gob.pa\/crisolfm\/wp-json\/wp\/v2\/types\/post"}],"author":[{"embeddable":true,"href":"https:\/\/sertv.gob.pa\/crisolfm\/wp-json\/wp\/v2\/users\/64"}],"replies":[{"embeddable":true,"href":"https:\/\/sertv.gob.pa\/crisolfm\/wp-json\/wp\/v2\/comments?post=24003"}],"version-history":[{"count":1,"href":"https:\/\/sertv.gob.pa\/crisolfm\/wp-json\/wp\/v2\/posts\/24003\/revisions"}],"predecessor-version":[{"id":24005,"href":"https:\/\/sertv.gob.pa\/crisolfm\/wp-json\/wp\/v2\/posts\/24003\/revisions\/24005"}],"wp:featuredmedia":[{"embeddable":true,"href":"https:\/\/sertv.gob.pa\/crisolfm\/wp-json\/wp\/v2\/media\/24004"}],"wp:attachment":[{"href":"https:\/\/sertv.gob.pa\/crisolfm\/wp-json\/wp\/v2\/media?parent=24003"}],"wp:term":[{"taxonomy":"category","embeddable":true,"href":"https:\/\/sertv.gob.pa\/crisolfm\/wp-json\/wp\/v2\/categories?post=24003"},{"taxonomy":"post_tag","embeddable":true,"href":"https:\/\/sertv.gob.pa\/crisolfm\/wp-json\/wp\/v2\/tags?post=24003"}],"curies":[{"name":"wp","href":"https:\/\/api.w.org\/{rel}","templated":true}]}}