{"id":24006,"date":"2019-11-12T14:31:47","date_gmt":"2019-11-12T14:31:47","guid":{"rendered":"https:\/\/sertv.gob.pa\/crisolfm\/?p=24006"},"modified":"2019-11-12T14:31:47","modified_gmt":"2019-11-12T14:31:47","slug":"el-grammy-latino-enfrenta-la-furia-del-regueton","status":"publish","type":"post","link":"https:\/\/sertv.gob.pa\/crisolfm\/el-grammy-latino-enfrenta-la-furia-del-regueton\/","title":{"rendered":"El Grammy Latino enfrenta la furia del reguet\u00f3n"},"content":{"rendered":"<p>El Grammy Latino se celebra este jueves en medio de la protesta de varios reguetoneros, que consideran que fueron relegados de las principales categor\u00edas. \u00abSin reggaeton no hay Latin Grammy\u00bb es la consigna que muy probablemente llegar\u00e1 a Las Vegas junto al gram\u00f3fono con una equis roja que Daddy Yankee hizo viral.<\/p>\n<p>Alejandro Sanz llegar\u00e1 a la vig\u00e9sima edici\u00f3n de estos premios con ocho nominaciones, mientras que su compatriota Rosal\u00eda lo har\u00e1 con cinco. \u00abNos vemos el 14 de noviembre para celebrar la m\u00fasica\u00bb, escribi\u00f3 Sanz en Instagram al confirmar su asistencia a la ceremonia, que ser\u00e1 animada por Ricky Martin y que rendir\u00e1 homenaje a Juanes como Personaje del A\u00f1o.<\/p>\n<p>Destacan tambi\u00e9n con m\u00faltiples nominaciones los artistas Andr\u00e9s Calamaro (4), Fonseca (4), Juan Luis Guerra y 4.40 (4), Tony Succar (4), Paula Arenas (3), Kany Garc\u00eda (3), Sech (3) y Sebasti\u00e1n Yatra (3). Sanz compite con \u00ab#Eldisco\u00bb en la categor\u00eda de mejor \u00e1lbum, pero adem\u00e1s en mejor grabaci\u00f3n y canci\u00f3n con dos temas: \u00abNo tengo nada\u00bb y \u00abMi persona favorita\u00bb, que interpreta con Camila Cabello. Tambi\u00e9n compiten por mejor \u00e1lbum Paula Arenas (\u00abVisceral\u00bb), Rub\u00e9n Blades (\u00abPara\u00edso Road Gang\u00bb), Andr\u00e9s Calamaro (\u00abCargar la suerte\u00bb), Fonseca (\u00abAgust\u00edn\u00bb), Luis Fonsi (\u00abVida\u00bb), Rosal\u00eda (\u00abEl mal querer\u00bb), Ximena Sari\u00f1ana (\u00ab\u00bfD\u00f3nde bailar\u00e1n las ni\u00f1as?\u00bb), Tony Succar (\u00abM\u00e1s de mi\u00bb) y Sebasti\u00e1n Yatra (\u00abFantas\u00eda\u00bb).<\/p>\n<p>Y de reguet\u00f3n&#8230; nada.<\/p>\n<p>AFP<\/p>\n","protected":false},"excerpt":{"rendered":"<p>El Grammy Latino se celebra este jueves en medio de <a href=\"https:\/\/sertv.gob.pa\/crisolfm\/el-grammy-latino-enfrenta-la-furia-del-regueton\/\"> [&#8230;]<\/a><\/p>\n","protected":false},"author":64,"featured_media":24007,"comment_status":"closed","ping_status":"closed","sticky":false,"template":"","format":"standard","meta":{"footnotes":""},"categories":[6],"tags":[],"class_list":["post-24006","post","type-post","status-publish","format-standard","has-post-thumbnail","hentry","category-culturales"],"_links":{"self":[{"href":"https:\/\/sertv.gob.pa\/crisolfm\/wp-json\/wp\/v2\/posts\/24006","targetHints":{"allow":["GET"]}}],"collection":[{"href":"https:\/\/sertv.gob.pa\/crisolfm\/wp-json\/wp\/v2\/posts"}],"about":[{"href":"https:\/\/sertv.gob.pa\/crisolfm\/wp-json\/wp\/v2\/types\/post"}],"author":[{"embeddable":true,"href":"https:\/\/sertv.gob.pa\/crisolfm\/wp-json\/wp\/v2\/users\/64"}],"replies":[{"embeddable":true,"href":"https:\/\/sertv.gob.pa\/crisolfm\/wp-json\/wp\/v2\/comments?post=24006"}],"version-history":[{"count":1,"href":"https:\/\/sertv.gob.pa\/crisolfm\/wp-json\/wp\/v2\/posts\/24006\/revisions"}],"predecessor-version":[{"id":24008,"href":"https:\/\/sertv.gob.pa\/crisolfm\/wp-json\/wp\/v2\/posts\/24006\/revisions\/24008"}],"wp:featuredmedia":[{"embeddable":true,"href":"https:\/\/sertv.gob.pa\/crisolfm\/wp-json\/wp\/v2\/media\/24007"}],"wp:attachment":[{"href":"https:\/\/sertv.gob.pa\/crisolfm\/wp-json\/wp\/v2\/media?parent=24006"}],"wp:term":[{"taxonomy":"category","embeddable":true,"href":"https:\/\/sertv.gob.pa\/crisolfm\/wp-json\/wp\/v2\/categories?post=24006"},{"taxonomy":"post_tag","embeddable":true,"href":"https:\/\/sertv.gob.pa\/crisolfm\/wp-json\/wp\/v2\/tags?post=24006"}],"curies":[{"name":"wp","href":"https:\/\/api.w.org\/{rel}","templated":true}]}}