{"id":24009,"date":"2019-11-12T15:10:42","date_gmt":"2019-11-12T15:10:42","guid":{"rendered":"https:\/\/sertv.gob.pa\/crisolfm\/?p=24009"},"modified":"2019-11-12T15:10:42","modified_gmt":"2019-11-12T15:10:42","slug":"biologo-guatemalteco-rene-corado-condecorado-en-su-pais","status":"publish","type":"post","link":"https:\/\/sertv.gob.pa\/crisolfm\/biologo-guatemalteco-rene-corado-condecorado-en-su-pais\/","title":{"rendered":"Bi\u00f3logo guatemalteco Ren\u00e9 Corado condecorado en su pa\u00eds"},"content":{"rendered":"<p>El guatemalteco Ren\u00e9 Corado, que se radic\u00f3 en Estados Unidos en 1979 y \u00aba pesar sus pocos recursos\u00bb logr\u00f3 estudiar biolog\u00eda y convertirse en una autoridad mundial en ornitolog\u00eda, recibi\u00f3 este lunes la m\u00e1xima condecoraci\u00f3n en su pa\u00eds por \u00abser una inspiraci\u00f3n\u00bb para sus compatriotas.<\/p>\n<p>Por sus aportes a la \u00abinvestigaci\u00f3n\u00bb sobre c\u00f3mo mejorar el h\u00e1bitat y aumentar la disminuida poblaci\u00f3n de aves tropicales guatemaltecas, Corado fue condecorado este lunes 11 de noviembre de 2019 con la Orden del Quetzal, en el grado de \u00abgran oficial\u00bb, en una ceremonia en el ministerio de Relaciones Exteriores de Guatemala.<\/p>\n<p>Esta orden fue creada en 1936 por el entonces presidente guatemalteco Jorge Ubico, inspirado en el \u00abave sagrada\u00bb de la cultura maya, el quetzal, que est\u00e1 en peligro de extinci\u00f3n.<\/p>\n<p>En la actualidad \u00absolo hay alrededor de 50.000 ejemplares\u00bb de quetzal en su territorio natural del sur de M\u00e9xico a Panam\u00e1, dice con pesar Corado en una entrevista con Efe.<\/p>\n<p>EFE<\/p>\n","protected":false},"excerpt":{"rendered":"<p>El guatemalteco Ren\u00e9 Corado, que se radic\u00f3 en Estados Unidos <a href=\"https:\/\/sertv.gob.pa\/crisolfm\/biologo-guatemalteco-rene-corado-condecorado-en-su-pais\/\"> [&#8230;]<\/a><\/p>\n","protected":false},"author":64,"featured_media":24010,"comment_status":"closed","ping_status":"closed","sticky":false,"template":"","format":"standard","meta":{"footnotes":""},"categories":[7],"tags":[],"class_list":["post-24009","post","type-post","status-publish","format-standard","has-post-thumbnail","hentry","category-ecologicas"],"_links":{"self":[{"href":"https:\/\/sertv.gob.pa\/crisolfm\/wp-json\/wp\/v2\/posts\/24009","targetHints":{"allow":["GET"]}}],"collection":[{"href":"https:\/\/sertv.gob.pa\/crisolfm\/wp-json\/wp\/v2\/posts"}],"about":[{"href":"https:\/\/sertv.gob.pa\/crisolfm\/wp-json\/wp\/v2\/types\/post"}],"author":[{"embeddable":true,"href":"https:\/\/sertv.gob.pa\/crisolfm\/wp-json\/wp\/v2\/users\/64"}],"replies":[{"embeddable":true,"href":"https:\/\/sertv.gob.pa\/crisolfm\/wp-json\/wp\/v2\/comments?post=24009"}],"version-history":[{"count":1,"href":"https:\/\/sertv.gob.pa\/crisolfm\/wp-json\/wp\/v2\/posts\/24009\/revisions"}],"predecessor-version":[{"id":24011,"href":"https:\/\/sertv.gob.pa\/crisolfm\/wp-json\/wp\/v2\/posts\/24009\/revisions\/24011"}],"wp:featuredmedia":[{"embeddable":true,"href":"https:\/\/sertv.gob.pa\/crisolfm\/wp-json\/wp\/v2\/media\/24010"}],"wp:attachment":[{"href":"https:\/\/sertv.gob.pa\/crisolfm\/wp-json\/wp\/v2\/media?parent=24009"}],"wp:term":[{"taxonomy":"category","embeddable":true,"href":"https:\/\/sertv.gob.pa\/crisolfm\/wp-json\/wp\/v2\/categories?post=24009"},{"taxonomy":"post_tag","embeddable":true,"href":"https:\/\/sertv.gob.pa\/crisolfm\/wp-json\/wp\/v2\/tags?post=24009"}],"curies":[{"name":"wp","href":"https:\/\/api.w.org\/{rel}","templated":true}]}}