{"id":24012,"date":"2019-11-12T15:13:56","date_gmt":"2019-11-12T15:13:56","guid":{"rendered":"https:\/\/sertv.gob.pa\/crisolfm\/?p=24012"},"modified":"2019-11-12T15:13:56","modified_gmt":"2019-11-12T15:13:56","slug":"cientificos-piden-a-gobierno-mexicano-proteger-comision-para-la-biodiversidad","status":"publish","type":"post","link":"https:\/\/sertv.gob.pa\/crisolfm\/cientificos-piden-a-gobierno-mexicano-proteger-comision-para-la-biodiversidad\/","title":{"rendered":"Cient\u00edficos piden a Gobierno mexicano proteger comisi\u00f3n para la biodiversidad"},"content":{"rendered":"<p>Cient\u00edficos y activistas exigen al Gobierno mexicano proteger la Comisi\u00f3n Nacional para el Conocimiento y Uso de la Biodiversidad (Conabio), que podr\u00eda cerrar o quedar inoperante por falta de asignaci\u00f3n de recursos, seg\u00fan una petici\u00f3n de Change.org.<\/p>\n<p>La iniciativa, que hasta este lunes llevaba m\u00e1s de 86.000 firmas, advierte que la Conabio podr\u00eda convertirse en un \u00f3rgano desconcentrado de la Secretar\u00eda de Medio Ambiente y Recursos Naturales (Semarnat), lo que implicar\u00eda \u00abmatar a la instituci\u00f3n\u00bb porque no tendr\u00eda patrimonio ni personalidad jur\u00eddica propios.<\/p>\n<p>\u00abVeo con gran preocupaci\u00f3n que esta gran instituci\u00f3n podr\u00eda ser cerrada por la falta de presupuesto, por eso le pido al presidente (Andr\u00e9s Manuel L\u00f3pez Obrador) que reconsidere su postura\u00bb, indica en la petici\u00f3n Jorge Sober\u00f3n, bi\u00f3logo de la Universidad Nacional Aut\u00f3noma de M\u00e9xico (Unam) y primer secretario ejecutivo de la Conabio, creada en 1992.<\/p>\n<p>La Conabio, encargada de promover la biodiversidad mexicana, es el \u00fanico organismo en el pa\u00eds regido por una comisi\u00f3n intersecretarial, que lidera el presidente con el secretario de Medio Ambiente como secretario t\u00e9cnico y la colaboraci\u00f3n de otras nueve secretar\u00edas del Gobierno federal.<\/p>\n<p>EFE<\/p>\n","protected":false},"excerpt":{"rendered":"<p>Cient\u00edficos y activistas exigen al Gobierno mexicano proteger la Comisi\u00f3n <a href=\"https:\/\/sertv.gob.pa\/crisolfm\/cientificos-piden-a-gobierno-mexicano-proteger-comision-para-la-biodiversidad\/\"> [&#8230;]<\/a><\/p>\n","protected":false},"author":64,"featured_media":24013,"comment_status":"closed","ping_status":"closed","sticky":false,"template":"","format":"standard","meta":{"footnotes":""},"categories":[7],"tags":[],"class_list":["post-24012","post","type-post","status-publish","format-standard","has-post-thumbnail","hentry","category-ecologicas"],"_links":{"self":[{"href":"https:\/\/sertv.gob.pa\/crisolfm\/wp-json\/wp\/v2\/posts\/24012","targetHints":{"allow":["GET"]}}],"collection":[{"href":"https:\/\/sertv.gob.pa\/crisolfm\/wp-json\/wp\/v2\/posts"}],"about":[{"href":"https:\/\/sertv.gob.pa\/crisolfm\/wp-json\/wp\/v2\/types\/post"}],"author":[{"embeddable":true,"href":"https:\/\/sertv.gob.pa\/crisolfm\/wp-json\/wp\/v2\/users\/64"}],"replies":[{"embeddable":true,"href":"https:\/\/sertv.gob.pa\/crisolfm\/wp-json\/wp\/v2\/comments?post=24012"}],"version-history":[{"count":1,"href":"https:\/\/sertv.gob.pa\/crisolfm\/wp-json\/wp\/v2\/posts\/24012\/revisions"}],"predecessor-version":[{"id":24014,"href":"https:\/\/sertv.gob.pa\/crisolfm\/wp-json\/wp\/v2\/posts\/24012\/revisions\/24014"}],"wp:featuredmedia":[{"embeddable":true,"href":"https:\/\/sertv.gob.pa\/crisolfm\/wp-json\/wp\/v2\/media\/24013"}],"wp:attachment":[{"href":"https:\/\/sertv.gob.pa\/crisolfm\/wp-json\/wp\/v2\/media?parent=24012"}],"wp:term":[{"taxonomy":"category","embeddable":true,"href":"https:\/\/sertv.gob.pa\/crisolfm\/wp-json\/wp\/v2\/categories?post=24012"},{"taxonomy":"post_tag","embeddable":true,"href":"https:\/\/sertv.gob.pa\/crisolfm\/wp-json\/wp\/v2\/tags?post=24012"}],"curies":[{"name":"wp","href":"https:\/\/api.w.org\/{rel}","templated":true}]}}