{"id":2402,"date":"2015-05-29T15:26:39","date_gmt":"2015-05-29T15:26:39","guid":{"rendered":""},"modified":"2015-05-29T15:26:39","modified_gmt":"2015-05-29T15:26:39","slug":"septimo-festival-internacional-de-artes-escenicas","status":"publish","type":"post","link":"https:\/\/sertv.gob.pa\/crisolfm\/septimo-festival-internacional-de-artes-escenicas\/","title":{"rendered":"S\u00e9ptimo Festival Internacional de Artes Esc\u00e9nicas"},"content":{"rendered":"<p>\nLa Fundaci\u00f3n pro Artes Esc\u00e9nicas y Audiovisuales (FAE) anuncia que el FESTIVAL INTERNACIONAL DE ARTES ESC\u00c9NICAS DE PANAM\u00c1, que desde su primera versi\u00f3n en 2004 se ha convertido en el m\u00e1ximo evento del teatro y la danza contempor\u00e1nea con que cuenta nuestro pa\u00eds, llegar\u00e1 a su edici\u00f3n n\u00famero siete en fechas que van del 4 al 11 de marzo de 2016. <\/p>\n<p>Este proyecto bienal presentar\u00e1 una selecci\u00f3n de lo mejor del teatro y la danza contempor\u00e1nea del mundo, con \u00e9nfasis en Iberoam\u00e9rica, para lo que sus directivos se encuentran en conversaciones con agrupaciones de Alemania, Argentina, Brasil, Canad\u00e1, Centroam\u00e9rica, Chile, EE.UU., Espa\u00f1a, Francia, M\u00e9xico y por supuesto Panam\u00e1, entre otros pa\u00edses, que una vez confirmadas ser\u00e1n programadas en teatros, espacios alternativos y sitios abiertos de la ciudad, incluyendo la Cinta Costera, en actividades para ni\u00f1os, j\u00f3venes y p\u00fablico en general. Ver informaci\u00f3n de los festivales anteriores en  www.faepanama.org  <\/p>\n<p>La Fundaci\u00f3n FAE no hace convocatoria formal, arma su programaci\u00f3n en base a invitaci\u00f3n directa a los espect\u00e1culos que interesan a sus directivos, sin embargo, las agrupaciones interesadas en participar podr\u00e1n enviar el DVD o el link al video con la grabaci\u00f3n de la obra completa para que pueda ser considerada. En el caso de las producciones nacionales que est\u00e9n dentro de las tendencias esc\u00e9nicas que privilegia el festival, si est\u00e1n en cartelera o van a tener un per\u00edodo de reposici\u00f3n, pueden enviar el email con la invitaci\u00f3n para el visionado durante sus funciones a  info@faepanama.org  <\/p>\n<p>\u00a0 <\/p>\n","protected":false},"excerpt":{"rendered":"<p>La Fundaci\u00f3n pro Artes Esc\u00e9nicas y Audiovisuales (FAE) anuncia que <a href=\"https:\/\/sertv.gob.pa\/crisolfm\/septimo-festival-internacional-de-artes-escenicas\/\"> [&#8230;]<\/a><\/p>\n","protected":false},"author":1,"featured_media":2403,"comment_status":"closed","ping_status":"closed","sticky":false,"template":"","format":"standard","meta":{"footnotes":""},"categories":[6],"tags":[],"class_list":["post-2402","post","type-post","status-publish","format-standard","has-post-thumbnail","hentry","category-culturales"],"_links":{"self":[{"href":"https:\/\/sertv.gob.pa\/crisolfm\/wp-json\/wp\/v2\/posts\/2402","targetHints":{"allow":["GET"]}}],"collection":[{"href":"https:\/\/sertv.gob.pa\/crisolfm\/wp-json\/wp\/v2\/posts"}],"about":[{"href":"https:\/\/sertv.gob.pa\/crisolfm\/wp-json\/wp\/v2\/types\/post"}],"author":[{"embeddable":true,"href":"https:\/\/sertv.gob.pa\/crisolfm\/wp-json\/wp\/v2\/users\/1"}],"replies":[{"embeddable":true,"href":"https:\/\/sertv.gob.pa\/crisolfm\/wp-json\/wp\/v2\/comments?post=2402"}],"version-history":[{"count":0,"href":"https:\/\/sertv.gob.pa\/crisolfm\/wp-json\/wp\/v2\/posts\/2402\/revisions"}],"wp:featuredmedia":[{"embeddable":true,"href":"https:\/\/sertv.gob.pa\/crisolfm\/wp-json\/wp\/v2\/media\/2403"}],"wp:attachment":[{"href":"https:\/\/sertv.gob.pa\/crisolfm\/wp-json\/wp\/v2\/media?parent=2402"}],"wp:term":[{"taxonomy":"category","embeddable":true,"href":"https:\/\/sertv.gob.pa\/crisolfm\/wp-json\/wp\/v2\/categories?post=2402"},{"taxonomy":"post_tag","embeddable":true,"href":"https:\/\/sertv.gob.pa\/crisolfm\/wp-json\/wp\/v2\/tags?post=2402"}],"curies":[{"name":"wp","href":"https:\/\/api.w.org\/{rel}","templated":true}]}}