{"id":24045,"date":"2019-11-13T13:54:00","date_gmt":"2019-11-13T13:54:00","guid":{"rendered":"https:\/\/sertv.gob.pa\/crisolfm\/?p=24045"},"modified":"2019-11-13T13:54:00","modified_gmt":"2019-11-13T13:54:00","slug":"venecia-afectada-por-una-marea-alta-historica","status":"publish","type":"post","link":"https:\/\/sertv.gob.pa\/crisolfm\/venecia-afectada-por-una-marea-alta-historica\/","title":{"rendered":"Venecia afectada por una marea alta hist\u00f3rica"},"content":{"rendered":"<p>Venecia registraba una hist\u00f3rica acqua alta (marea alta) el martes 12 de noviembre por la noche, con un pico que podr\u00eda alcanzar o superar 1.90 metros, seg\u00fan el Centro de Mareas de la ciudad italiana.<\/p>\n<p>\u00abNos enfrentamos a una marea m\u00e1s que excepcional. Todos est\u00e1n movilizados para manejar la emergencia\u00bb, tuite\u00f3 el alcalde de Venecia, Luigi Brugnaro. \u00abMa\u00f1ana pediremos el estado de cat\u00e1strofe natural porque los da\u00f1os ser\u00e1n probablemente importantes y se espera que siga subiendo el nivel del agua\u00bb, a\u00f1adi\u00f3 Brugnaro. \u00abNecesitamos que todos nos ayuden a hacer frente a lo que es claramente el impacto del cambio clim\u00e1tico\u00bb, a\u00f1adi\u00f3 el alcalde, al final de la noche, en la famosa plaza de San Marcos.<\/p>\n<p>Hacia medianoche, el Centro de Mareas indicaba que las mareas hab\u00edan subido en torno a 1.87 m, la mayor \u00abacqua alta\u00bb desde el r\u00e9cord de 1.96 m, registrado el 4 de noviembre de 1966.<\/p>\n<p>&nbsp;<\/p>\n<p>AFP<\/p>\n","protected":false},"excerpt":{"rendered":"<p>Venecia registraba una hist\u00f3rica acqua alta (marea alta) el martes <a href=\"https:\/\/sertv.gob.pa\/crisolfm\/venecia-afectada-por-una-marea-alta-historica\/\"> [&#8230;]<\/a><\/p>\n","protected":false},"author":64,"featured_media":24046,"comment_status":"closed","ping_status":"closed","sticky":false,"template":"","format":"standard","meta":{"footnotes":""},"categories":[7],"tags":[],"class_list":["post-24045","post","type-post","status-publish","format-standard","has-post-thumbnail","hentry","category-ecologicas"],"_links":{"self":[{"href":"https:\/\/sertv.gob.pa\/crisolfm\/wp-json\/wp\/v2\/posts\/24045","targetHints":{"allow":["GET"]}}],"collection":[{"href":"https:\/\/sertv.gob.pa\/crisolfm\/wp-json\/wp\/v2\/posts"}],"about":[{"href":"https:\/\/sertv.gob.pa\/crisolfm\/wp-json\/wp\/v2\/types\/post"}],"author":[{"embeddable":true,"href":"https:\/\/sertv.gob.pa\/crisolfm\/wp-json\/wp\/v2\/users\/64"}],"replies":[{"embeddable":true,"href":"https:\/\/sertv.gob.pa\/crisolfm\/wp-json\/wp\/v2\/comments?post=24045"}],"version-history":[{"count":1,"href":"https:\/\/sertv.gob.pa\/crisolfm\/wp-json\/wp\/v2\/posts\/24045\/revisions"}],"predecessor-version":[{"id":24047,"href":"https:\/\/sertv.gob.pa\/crisolfm\/wp-json\/wp\/v2\/posts\/24045\/revisions\/24047"}],"wp:featuredmedia":[{"embeddable":true,"href":"https:\/\/sertv.gob.pa\/crisolfm\/wp-json\/wp\/v2\/media\/24046"}],"wp:attachment":[{"href":"https:\/\/sertv.gob.pa\/crisolfm\/wp-json\/wp\/v2\/media?parent=24045"}],"wp:term":[{"taxonomy":"category","embeddable":true,"href":"https:\/\/sertv.gob.pa\/crisolfm\/wp-json\/wp\/v2\/categories?post=24045"},{"taxonomy":"post_tag","embeddable":true,"href":"https:\/\/sertv.gob.pa\/crisolfm\/wp-json\/wp\/v2\/tags?post=24045"}],"curies":[{"name":"wp","href":"https:\/\/api.w.org\/{rel}","templated":true}]}}