{"id":24051,"date":"2019-11-13T14:18:08","date_gmt":"2019-11-13T14:18:08","guid":{"rendered":"https:\/\/sertv.gob.pa\/crisolfm\/?p=24051"},"modified":"2019-11-13T14:18:08","modified_gmt":"2019-11-13T14:18:08","slug":"periodistas-panamenos-celebran-su-dia","status":"publish","type":"post","link":"https:\/\/sertv.gob.pa\/crisolfm\/periodistas-panamenos-celebran-su-dia\/","title":{"rendered":"Periodistas paname\u00f1os celebran su d\u00eda"},"content":{"rendered":"<p>Investigar, contar y publicar temas de inter\u00e9s p\u00fablico, es el diario vivir de muchos que han hallado en el periodismo el medio para mejorar a la sociedad en la que viven.<\/p>\n<p>Hoy, 13 de noviembre, D\u00eda del Periodista, el profesor y periodista Milciades Ortiz, reflexiona que ejercer esta profesi\u00f3n te vuelve un \u201chistoriador\u201d, ya que te sit\u00faa como recolector y divulgador de acontecimientos. Ortiz indic\u00f3 que, en esta \u00e9poca de transformaci\u00f3n social, el periodismo necesita abrazarse a sus valores y reafirmar su imagen como ente confiable.<\/p>\n<p>\u201cEn Panam\u00e1 hay mayor flexibilidad en cuanto a ciertos temas de la agenda, la sociedad evoluciona d\u00eda con d\u00eda y el rol del periodista siempre debe ser el de orientar\u201d, resalt\u00f3 el profesor.<\/p>\n<p>&nbsp;<\/p>\n","protected":false},"excerpt":{"rendered":"<p>Investigar, contar y publicar temas de inter\u00e9s p\u00fablico, es el <a href=\"https:\/\/sertv.gob.pa\/crisolfm\/periodistas-panamenos-celebran-su-dia\/\"> [&#8230;]<\/a><\/p>\n","protected":false},"author":64,"featured_media":24052,"comment_status":"closed","ping_status":"closed","sticky":false,"template":"","format":"standard","meta":{"footnotes":""},"categories":[6],"tags":[],"class_list":["post-24051","post","type-post","status-publish","format-standard","has-post-thumbnail","hentry","category-culturales"],"_links":{"self":[{"href":"https:\/\/sertv.gob.pa\/crisolfm\/wp-json\/wp\/v2\/posts\/24051","targetHints":{"allow":["GET"]}}],"collection":[{"href":"https:\/\/sertv.gob.pa\/crisolfm\/wp-json\/wp\/v2\/posts"}],"about":[{"href":"https:\/\/sertv.gob.pa\/crisolfm\/wp-json\/wp\/v2\/types\/post"}],"author":[{"embeddable":true,"href":"https:\/\/sertv.gob.pa\/crisolfm\/wp-json\/wp\/v2\/users\/64"}],"replies":[{"embeddable":true,"href":"https:\/\/sertv.gob.pa\/crisolfm\/wp-json\/wp\/v2\/comments?post=24051"}],"version-history":[{"count":1,"href":"https:\/\/sertv.gob.pa\/crisolfm\/wp-json\/wp\/v2\/posts\/24051\/revisions"}],"predecessor-version":[{"id":24053,"href":"https:\/\/sertv.gob.pa\/crisolfm\/wp-json\/wp\/v2\/posts\/24051\/revisions\/24053"}],"wp:featuredmedia":[{"embeddable":true,"href":"https:\/\/sertv.gob.pa\/crisolfm\/wp-json\/wp\/v2\/media\/24052"}],"wp:attachment":[{"href":"https:\/\/sertv.gob.pa\/crisolfm\/wp-json\/wp\/v2\/media?parent=24051"}],"wp:term":[{"taxonomy":"category","embeddable":true,"href":"https:\/\/sertv.gob.pa\/crisolfm\/wp-json\/wp\/v2\/categories?post=24051"},{"taxonomy":"post_tag","embeddable":true,"href":"https:\/\/sertv.gob.pa\/crisolfm\/wp-json\/wp\/v2\/tags?post=24051"}],"curies":[{"name":"wp","href":"https:\/\/api.w.org\/{rel}","templated":true}]}}