{"id":24066,"date":"2019-11-14T14:19:38","date_gmt":"2019-11-14T14:19:38","guid":{"rendered":"https:\/\/sertv.gob.pa\/crisolfm\/?p=24066"},"modified":"2019-11-14T14:19:38","modified_gmt":"2019-11-14T14:19:38","slug":"el-cambio-climatico-perjudicara-la-salud-de-los-bebes-que-nacen-ahora","status":"publish","type":"post","link":"https:\/\/sertv.gob.pa\/crisolfm\/el-cambio-climatico-perjudicara-la-salud-de-los-bebes-que-nacen-ahora\/","title":{"rendered":"El cambio clim\u00e1tico perjudicar\u00e1 la salud de los beb\u00e9s que nacen ahora"},"content":{"rendered":"<p>Si no se frena el cambio clim\u00e1tico, la salud de los beb\u00e9s que nacen ahora estar\u00e1 amenazada durante toda su vida por afecciones que abarcan desde el asma hasta la malnutrici\u00f3n, advirti\u00f3 el jueves 14 de noviembre un estudio.<\/p>\n<p>\u00abLos cambios clim\u00e1ticos definir\u00e1n la salud de toda una generaci\u00f3n\u00bb, asegura el doctor Nick Watts, responsable de este informe divulgado en la revista m\u00e9dica The Lancet.<\/p>\n<p>A pocas semanas de la Conferencia Internacional sobre el Clima (COP25) en Madrid, sus conclusiones encuentran eco en las advertencias de la adolescente sueca Greta Thunberg, convertida en emblema mundial contra el cambio clim\u00e1tico.<\/p>\n<p>\u00abSi se mantiene el statu quo, con emisiones de carbono elevadas y el mismo ritmo de calentamiento, un ni\u00f1o nacido ahora vivir\u00e1 a sus 71 a\u00f1os en un mundo 4 \u00baC m\u00e1s caliente de promedio. Esto amenazar\u00e1 su salud en todas las etapas de su vida\u00bb, escriben los autores.<\/p>\n<p>&nbsp;<\/p>\n<p>AFP<\/p>\n","protected":false},"excerpt":{"rendered":"<p>Si no se frena el cambio clim\u00e1tico, la salud de <a href=\"https:\/\/sertv.gob.pa\/crisolfm\/el-cambio-climatico-perjudicara-la-salud-de-los-bebes-que-nacen-ahora\/\"> [&#8230;]<\/a><\/p>\n","protected":false},"author":64,"featured_media":24067,"comment_status":"closed","ping_status":"closed","sticky":false,"template":"","format":"standard","meta":{"footnotes":""},"categories":[7],"tags":[],"class_list":["post-24066","post","type-post","status-publish","format-standard","has-post-thumbnail","hentry","category-ecologicas"],"_links":{"self":[{"href":"https:\/\/sertv.gob.pa\/crisolfm\/wp-json\/wp\/v2\/posts\/24066","targetHints":{"allow":["GET"]}}],"collection":[{"href":"https:\/\/sertv.gob.pa\/crisolfm\/wp-json\/wp\/v2\/posts"}],"about":[{"href":"https:\/\/sertv.gob.pa\/crisolfm\/wp-json\/wp\/v2\/types\/post"}],"author":[{"embeddable":true,"href":"https:\/\/sertv.gob.pa\/crisolfm\/wp-json\/wp\/v2\/users\/64"}],"replies":[{"embeddable":true,"href":"https:\/\/sertv.gob.pa\/crisolfm\/wp-json\/wp\/v2\/comments?post=24066"}],"version-history":[{"count":1,"href":"https:\/\/sertv.gob.pa\/crisolfm\/wp-json\/wp\/v2\/posts\/24066\/revisions"}],"predecessor-version":[{"id":24068,"href":"https:\/\/sertv.gob.pa\/crisolfm\/wp-json\/wp\/v2\/posts\/24066\/revisions\/24068"}],"wp:featuredmedia":[{"embeddable":true,"href":"https:\/\/sertv.gob.pa\/crisolfm\/wp-json\/wp\/v2\/media\/24067"}],"wp:attachment":[{"href":"https:\/\/sertv.gob.pa\/crisolfm\/wp-json\/wp\/v2\/media?parent=24066"}],"wp:term":[{"taxonomy":"category","embeddable":true,"href":"https:\/\/sertv.gob.pa\/crisolfm\/wp-json\/wp\/v2\/categories?post=24066"},{"taxonomy":"post_tag","embeddable":true,"href":"https:\/\/sertv.gob.pa\/crisolfm\/wp-json\/wp\/v2\/tags?post=24066"}],"curies":[{"name":"wp","href":"https:\/\/api.w.org\/{rel}","templated":true}]}}