{"id":24072,"date":"2019-11-14T14:28:03","date_gmt":"2019-11-14T14:28:03","guid":{"rendered":"https:\/\/sertv.gob.pa\/crisolfm\/?p=24072"},"modified":"2019-11-14T14:28:03","modified_gmt":"2019-11-14T14:28:03","slug":"venecia-espera-medidas-urgentes-para-levantarse-de-historicas-inundaciones","status":"publish","type":"post","link":"https:\/\/sertv.gob.pa\/crisolfm\/venecia-espera-medidas-urgentes-para-levantarse-de-historicas-inundaciones\/","title":{"rendered":"Venecia espera medidas urgentes para levantarse de hist\u00f3ricas inundaciones"},"content":{"rendered":"<p>Venecia se prepara para pasar una nueva noche en vela ante el temor de que vuelva a subir la marea mientras el gobierno decretar\u00e1 este jueves 14 de noviembre un estado de emergencia para movilizar fondos y hacer frente a los estragos de este tipo de cat\u00e1strofe natural que amenaza la supervivencia de una de las ciudades m\u00e1s bellas del mundo.<\/p>\n<p>Las mareas se situaban a las 23:35 del mi\u00e9rcoles a 77 cm sobre el nivel de referencia, mucho menos de lo previsto (120 cm) y lejos de los 187 cm que alcanz\u00f3 el martes este nuevo episodio de \u00abacqua alta\u00bb, el peor desde hace 53 a\u00f1os.<\/p>\n<p>\u00abLa cat\u00e1strofe que ha afectado a Venecia es un golpe al coraz\u00f3n de nuestro pa\u00eds. Duele ver los da\u00f1os en la ciudad, el patrimonio art\u00edstico en peligro y el rev\u00e9s a la actividad comercial\u00bb, declar\u00f3 el primer ministro Giuseppe Conte, que visit\u00f3 la ciudad Patrimonio de la Humanidad.<\/p>\n<p>El Consejo de Ministros se reunir\u00e1 este jueves para declarar estado de emergencia por cat\u00e1strofe natural en la zona de Venecia, una figura que otorga al gobierno \u00abpoderes y medios extraordinarios\u00bb para actuar con celeridad.<\/p>\n<p>AFP<\/p>\n","protected":false},"excerpt":{"rendered":"<p>Venecia se prepara para pasar una nueva noche en vela <a href=\"https:\/\/sertv.gob.pa\/crisolfm\/venecia-espera-medidas-urgentes-para-levantarse-de-historicas-inundaciones\/\"> [&#8230;]<\/a><\/p>\n","protected":false},"author":64,"featured_media":24073,"comment_status":"closed","ping_status":"closed","sticky":false,"template":"","format":"standard","meta":{"footnotes":""},"categories":[7],"tags":[],"class_list":["post-24072","post","type-post","status-publish","format-standard","has-post-thumbnail","hentry","category-ecologicas"],"_links":{"self":[{"href":"https:\/\/sertv.gob.pa\/crisolfm\/wp-json\/wp\/v2\/posts\/24072","targetHints":{"allow":["GET"]}}],"collection":[{"href":"https:\/\/sertv.gob.pa\/crisolfm\/wp-json\/wp\/v2\/posts"}],"about":[{"href":"https:\/\/sertv.gob.pa\/crisolfm\/wp-json\/wp\/v2\/types\/post"}],"author":[{"embeddable":true,"href":"https:\/\/sertv.gob.pa\/crisolfm\/wp-json\/wp\/v2\/users\/64"}],"replies":[{"embeddable":true,"href":"https:\/\/sertv.gob.pa\/crisolfm\/wp-json\/wp\/v2\/comments?post=24072"}],"version-history":[{"count":1,"href":"https:\/\/sertv.gob.pa\/crisolfm\/wp-json\/wp\/v2\/posts\/24072\/revisions"}],"predecessor-version":[{"id":24074,"href":"https:\/\/sertv.gob.pa\/crisolfm\/wp-json\/wp\/v2\/posts\/24072\/revisions\/24074"}],"wp:featuredmedia":[{"embeddable":true,"href":"https:\/\/sertv.gob.pa\/crisolfm\/wp-json\/wp\/v2\/media\/24073"}],"wp:attachment":[{"href":"https:\/\/sertv.gob.pa\/crisolfm\/wp-json\/wp\/v2\/media?parent=24072"}],"wp:term":[{"taxonomy":"category","embeddable":true,"href":"https:\/\/sertv.gob.pa\/crisolfm\/wp-json\/wp\/v2\/categories?post=24072"},{"taxonomy":"post_tag","embeddable":true,"href":"https:\/\/sertv.gob.pa\/crisolfm\/wp-json\/wp\/v2\/tags?post=24072"}],"curies":[{"name":"wp","href":"https:\/\/api.w.org\/{rel}","templated":true}]}}