{"id":24075,"date":"2019-11-14T14:32:59","date_gmt":"2019-11-14T14:32:59","guid":{"rendered":"https:\/\/sertv.gob.pa\/crisolfm\/?p=24075"},"modified":"2019-11-14T14:46:40","modified_gmt":"2019-11-14T14:46:40","slug":"los-reyes-de-espana-asisten-en-la-habana-a-una-gala-de-danza-en-su-honor","status":"publish","type":"post","link":"https:\/\/sertv.gob.pa\/crisolfm\/los-reyes-de-espana-asisten-en-la-habana-a-una-gala-de-danza-en-su-honor\/","title":{"rendered":"Los reyes de Espa\u00f1a asisten en La Habana a una gala de danza en su honor"},"content":{"rendered":"<p>Los reyes de Espa\u00f1a asistieron este martes en el Gran Teatro de La Habana a una gala de danza ofrecida en su honor por el Ministerio de Cultura de Cuba y el Consejo Nacional de las Artes Esc\u00e9nicas y en la que se homenaje\u00f3 a la fundadora del Ballet Nacional, Alicia Alonso, fallecida en octubre.<\/p>\n<p>En su primera jornada de agenda oficial con motivo de su visita a la isla, Felipe VI y la reina Letizia acudieron a esta gala en la que estuvieron acompa\u00f1ados por el ministro de Asuntos Exteriores espa\u00f1ol, Josep Borrell, y otros miembros de su delegaci\u00f3n.<\/p>\n<p>El Ballet Nacional de Cuba interpret\u00f3 un fragmento de la obra \u00abGiselle\u00bb, que fue el personaje m\u00e1s emblem\u00e1tico encarnado por Alicia Alonso, y actuaron tambi\u00e9n la compa\u00f1\u00eda de Carlos Acosta, el Ballet Folcl\u00f3rico de Cuba y el Ballet de Lizt Alfonso.<\/p>\n<p>Al final de la \u00faltima actuaci\u00f3n, tras los bailarines se proyect\u00f3 una imagen de Alicia Alonso, momento en el que los espectadores que llenaban el teatro rindieron homenaje a la bailarina y fundadora del Ballet Nacional.<\/p>\n<p>EFE<\/p>\n","protected":false},"excerpt":{"rendered":"<p>Los reyes de Espa\u00f1a asistieron este martes en el Gran <a href=\"https:\/\/sertv.gob.pa\/crisolfm\/los-reyes-de-espana-asisten-en-la-habana-a-una-gala-de-danza-en-su-honor\/\"> [&#8230;]<\/a><\/p>\n","protected":false},"author":64,"featured_media":24084,"comment_status":"closed","ping_status":"closed","sticky":false,"template":"","format":"standard","meta":{"footnotes":""},"categories":[6],"tags":[],"class_list":["post-24075","post","type-post","status-publish","format-standard","has-post-thumbnail","hentry","category-culturales"],"_links":{"self":[{"href":"https:\/\/sertv.gob.pa\/crisolfm\/wp-json\/wp\/v2\/posts\/24075","targetHints":{"allow":["GET"]}}],"collection":[{"href":"https:\/\/sertv.gob.pa\/crisolfm\/wp-json\/wp\/v2\/posts"}],"about":[{"href":"https:\/\/sertv.gob.pa\/crisolfm\/wp-json\/wp\/v2\/types\/post"}],"author":[{"embeddable":true,"href":"https:\/\/sertv.gob.pa\/crisolfm\/wp-json\/wp\/v2\/users\/64"}],"replies":[{"embeddable":true,"href":"https:\/\/sertv.gob.pa\/crisolfm\/wp-json\/wp\/v2\/comments?post=24075"}],"version-history":[{"count":1,"href":"https:\/\/sertv.gob.pa\/crisolfm\/wp-json\/wp\/v2\/posts\/24075\/revisions"}],"predecessor-version":[{"id":24077,"href":"https:\/\/sertv.gob.pa\/crisolfm\/wp-json\/wp\/v2\/posts\/24075\/revisions\/24077"}],"wp:featuredmedia":[{"embeddable":true,"href":"https:\/\/sertv.gob.pa\/crisolfm\/wp-json\/wp\/v2\/media\/24084"}],"wp:attachment":[{"href":"https:\/\/sertv.gob.pa\/crisolfm\/wp-json\/wp\/v2\/media?parent=24075"}],"wp:term":[{"taxonomy":"category","embeddable":true,"href":"https:\/\/sertv.gob.pa\/crisolfm\/wp-json\/wp\/v2\/categories?post=24075"},{"taxonomy":"post_tag","embeddable":true,"href":"https:\/\/sertv.gob.pa\/crisolfm\/wp-json\/wp\/v2\/tags?post=24075"}],"curies":[{"name":"wp","href":"https:\/\/api.w.org\/{rel}","templated":true}]}}