{"id":24081,"date":"2019-11-14T14:43:51","date_gmt":"2019-11-14T14:43:51","guid":{"rendered":"https:\/\/sertv.gob.pa\/crisolfm\/?p=24081"},"modified":"2019-11-14T14:43:51","modified_gmt":"2019-11-14T14:43:51","slug":"muestra-por-los-30-anos-de-la-caida-del-muro-de-berlin","status":"publish","type":"post","link":"https:\/\/sertv.gob.pa\/crisolfm\/muestra-por-los-30-anos-de-la-caida-del-muro-de-berlin\/","title":{"rendered":"Muestra por los 30 a\u00f1os de la ca\u00edda del Muro de Berl\u00edn"},"content":{"rendered":"<p>En conmemoraci\u00f3n a las tres d\u00e9cadas de la ca\u00edda del Muro de Berl\u00edn en Alemania, en la Biblioteca Nacional Ernesto J. Castillero est\u00e1 disponible la exhibici\u00f3n fotogr\u00e1fica \u201cBerl\u00edn: El precio de la libertad. 30 a\u00f1os tras la ca\u00edda del muro\u201d que consta de 48 im\u00e1genes de los periodos previo, durante y despu\u00e9s del derrumbe.<\/p>\n<p>La directora ejecutiva de la Fundaci\u00f3n Libertad, Marissa Krienert, cont\u00f3 que es primera vez que hace esta exhibici\u00f3n en Panam\u00e1, como una forma de celebraci\u00f3n de ese eso y porque las nuevas generaciones desconocen del tema.<\/p>\n<p>A ese hecho le atribuye que, en ese momento nuestro foco estaba orientado en todo lo relacionado a la pol\u00edtica nacional en el periodo de la dictadura y nuestras noticias estaban enfocadas en los procesos de las dictaduras, manifestaciones, cierres de los colegios, etc.<\/p>\n<p>Krienert destac\u00f3 que fue el pasado 9 de noviembre que se record\u00f3 el suceso y resalt\u00f3 que debido a ese hecho fue reconocido como el D\u00eda Internacional de la Libertad.<\/p>\n<p>Estar\u00e1 abierta hasta el pr\u00f3ximo 26 de noviembre en el piso cuatro de la biblioteca de 9:00 a.m., a 5:00 p.m.<\/p>\n<p>&nbsp;<\/p>\n<p>&nbsp;<\/p>\n","protected":false},"excerpt":{"rendered":"<p>En conmemoraci\u00f3n a las tres d\u00e9cadas de la ca\u00edda del <a href=\"https:\/\/sertv.gob.pa\/crisolfm\/muestra-por-los-30-anos-de-la-caida-del-muro-de-berlin\/\"> [&#8230;]<\/a><\/p>\n","protected":false},"author":64,"featured_media":24082,"comment_status":"closed","ping_status":"closed","sticky":false,"template":"","format":"standard","meta":{"footnotes":""},"categories":[6],"tags":[],"class_list":["post-24081","post","type-post","status-publish","format-standard","has-post-thumbnail","hentry","category-culturales"],"_links":{"self":[{"href":"https:\/\/sertv.gob.pa\/crisolfm\/wp-json\/wp\/v2\/posts\/24081","targetHints":{"allow":["GET"]}}],"collection":[{"href":"https:\/\/sertv.gob.pa\/crisolfm\/wp-json\/wp\/v2\/posts"}],"about":[{"href":"https:\/\/sertv.gob.pa\/crisolfm\/wp-json\/wp\/v2\/types\/post"}],"author":[{"embeddable":true,"href":"https:\/\/sertv.gob.pa\/crisolfm\/wp-json\/wp\/v2\/users\/64"}],"replies":[{"embeddable":true,"href":"https:\/\/sertv.gob.pa\/crisolfm\/wp-json\/wp\/v2\/comments?post=24081"}],"version-history":[{"count":1,"href":"https:\/\/sertv.gob.pa\/crisolfm\/wp-json\/wp\/v2\/posts\/24081\/revisions"}],"predecessor-version":[{"id":24083,"href":"https:\/\/sertv.gob.pa\/crisolfm\/wp-json\/wp\/v2\/posts\/24081\/revisions\/24083"}],"wp:featuredmedia":[{"embeddable":true,"href":"https:\/\/sertv.gob.pa\/crisolfm\/wp-json\/wp\/v2\/media\/24082"}],"wp:attachment":[{"href":"https:\/\/sertv.gob.pa\/crisolfm\/wp-json\/wp\/v2\/media?parent=24081"}],"wp:term":[{"taxonomy":"category","embeddable":true,"href":"https:\/\/sertv.gob.pa\/crisolfm\/wp-json\/wp\/v2\/categories?post=24081"},{"taxonomy":"post_tag","embeddable":true,"href":"https:\/\/sertv.gob.pa\/crisolfm\/wp-json\/wp\/v2\/tags?post=24081"}],"curies":[{"name":"wp","href":"https:\/\/api.w.org\/{rel}","templated":true}]}}