{"id":24086,"date":"2019-11-14T15:20:31","date_gmt":"2019-11-14T15:20:31","guid":{"rendered":"https:\/\/sertv.gob.pa\/crisolfm\/?p=24086"},"modified":"2019-11-14T15:20:31","modified_gmt":"2019-11-14T15:20:31","slug":"un-crisol-de-culturas-para-unir-la-diversidad-etnica-de-iran","status":"publish","type":"post","link":"https:\/\/sertv.gob.pa\/crisolfm\/un-crisol-de-culturas-para-unir-la-diversidad-etnica-de-iran\/","title":{"rendered":"Un crisol de culturas para unir la diversidad \u00e9tnica de Ir\u00e1n"},"content":{"rendered":"<p>A la provincia de Golest\u00e1n llegaron a lo largo de los siglos personas de hasta catorce etnias distintas de todo el actual Ir\u00e1n. Un crisol de culturas que a d\u00eda de hoy sirve para fomentar la unidad y dejar atr\u00e1s las diferencias. Esta diversidad propia de la septentrional Golest\u00e1n fue el punto de partida para organizar el Festival Internacional de Cultura \u00c9tnica de Ir\u00e1n, que se celebra estos d\u00edas en la ciudad de Gorgan, capital provincial, y en la localidad de Gonvad-e Kavus.<\/p>\n<p>Turcomanos, baluchis, kurdos y turcos son algunos de los habitantes actualmente de Golest\u00e1n que proced\u00edan originariamente de otras regiones de Ir\u00e1n, en las que son mayor\u00eda. \u00abEst\u00e1n viviendo juntos en Golest\u00e1n de modo pac\u00edfico y han podido aceptarse los unos a los otros\u00bb, asegur\u00f3 a Efe Ebrahim Karim\u00ed, director general del Patrimonio Cultural, Turismo y Artesan\u00eda de la provincia y responsable del festival.<\/p>\n<p>Como un \u00abarcoiris\u00bb defini\u00f3 Karim\u00ed la mezcla de etnias que permite al visitante apreciar solo en Golest\u00e1n la diversidad cultural de Ir\u00e1n y su \u00abcohesi\u00f3n\u00bb.<\/p>\n<p>El director general del Patrimonio Cultural, Turismo y Artesan\u00eda de la provincia subray\u00f3 que este es el motivo por el que a Golest\u00e1n se le llama \u00abnegarest\u00e1n de Ir\u00e1n\u00bb (galer\u00eda), ya que es \u00abun s\u00edmbolo de la uni\u00f3n de las etnias\u00bb.<\/p>\n<p>EFE<\/p>\n","protected":false},"excerpt":{"rendered":"<p>A la provincia de Golest\u00e1n llegaron a lo largo de <a href=\"https:\/\/sertv.gob.pa\/crisolfm\/un-crisol-de-culturas-para-unir-la-diversidad-etnica-de-iran\/\"> [&#8230;]<\/a><\/p>\n","protected":false},"author":64,"featured_media":24087,"comment_status":"closed","ping_status":"closed","sticky":false,"template":"","format":"standard","meta":{"footnotes":""},"categories":[6],"tags":[],"class_list":["post-24086","post","type-post","status-publish","format-standard","has-post-thumbnail","hentry","category-culturales"],"_links":{"self":[{"href":"https:\/\/sertv.gob.pa\/crisolfm\/wp-json\/wp\/v2\/posts\/24086","targetHints":{"allow":["GET"]}}],"collection":[{"href":"https:\/\/sertv.gob.pa\/crisolfm\/wp-json\/wp\/v2\/posts"}],"about":[{"href":"https:\/\/sertv.gob.pa\/crisolfm\/wp-json\/wp\/v2\/types\/post"}],"author":[{"embeddable":true,"href":"https:\/\/sertv.gob.pa\/crisolfm\/wp-json\/wp\/v2\/users\/64"}],"replies":[{"embeddable":true,"href":"https:\/\/sertv.gob.pa\/crisolfm\/wp-json\/wp\/v2\/comments?post=24086"}],"version-history":[{"count":1,"href":"https:\/\/sertv.gob.pa\/crisolfm\/wp-json\/wp\/v2\/posts\/24086\/revisions"}],"predecessor-version":[{"id":24088,"href":"https:\/\/sertv.gob.pa\/crisolfm\/wp-json\/wp\/v2\/posts\/24086\/revisions\/24088"}],"wp:featuredmedia":[{"embeddable":true,"href":"https:\/\/sertv.gob.pa\/crisolfm\/wp-json\/wp\/v2\/media\/24087"}],"wp:attachment":[{"href":"https:\/\/sertv.gob.pa\/crisolfm\/wp-json\/wp\/v2\/media?parent=24086"}],"wp:term":[{"taxonomy":"category","embeddable":true,"href":"https:\/\/sertv.gob.pa\/crisolfm\/wp-json\/wp\/v2\/categories?post=24086"},{"taxonomy":"post_tag","embeddable":true,"href":"https:\/\/sertv.gob.pa\/crisolfm\/wp-json\/wp\/v2\/tags?post=24086"}],"curies":[{"name":"wp","href":"https:\/\/api.w.org\/{rel}","templated":true}]}}