{"id":24101,"date":"2019-11-14T16:17:20","date_gmt":"2019-11-14T16:17:20","guid":{"rendered":"https:\/\/sertv.gob.pa\/crisolfm\/?p=24101"},"modified":"2019-11-14T16:17:20","modified_gmt":"2019-11-14T16:17:20","slug":"greta-thunberg-se-embarca-para-asistir-a-la-cop25-chile-madrid","status":"publish","type":"post","link":"https:\/\/sertv.gob.pa\/crisolfm\/greta-thunberg-se-embarca-para-asistir-a-la-cop25-chile-madrid\/","title":{"rendered":"Greta Thunberg se embarca para asistir a la COP25 Chile &#8211; Madrid"},"content":{"rendered":"<p>La joven pretende llegar a tiempo de la celebraci\u00f3n de la XXV Conferencia de las Partes de la Convenci\u00f3n Marco de Cambio Clim\u00e1tico que se celebrar\u00e1 en Madrid del <strong>2 al 13 de diciembre<\/strong>.<\/p>\n<p>Thunberg cruz\u00f3 en agosto el Atl\u00e1ntico y lleg\u00f3 a Nueva York para asistir a la Cumbre de Acci\u00f3n Clim\u00e1tica que se celebr\u00f3 en la ONU a finales de septiembre y su idea era viajar desde Am\u00e9rica del Norte hasta Santiago de Chile donde inicialmente se iba a celebrar la COP25. Justo antes de zarpar Greta ha agradecido a trav\u00e9s de su cuenta de la red social Twitter, a \u00abtodas\u00bb las personas que ha conocido en Am\u00e9rica del Norte su \u00abincre\u00edble hospitalidad\u00bb.<\/p>\n<p>Adem\u00e1s, ha agradecido al pueblo norteamericano por su <strong>\u00abasombroso apoyo\u00bb<\/strong>. El mensaje va acompa\u00f1ado de una fotograf\u00eda de Shane Balkowitsch en la Reserva india Standing Rock en Dakota del Norte. Su \u00faltimo mensaje dice: \u00abNavegamos a casa\u00bb.<\/p>\n<p>Este martes por la tarde la activista anunci\u00f3 que finalmente podr\u00eda asistir a la <strong>Cumbre del Clima <\/strong>que se celebrar\u00e1 en Madrid despu\u00e9s de que una familia australiana que viaja en un catamar\u00e1n por todo el planeta le ofreciera llevarla desde Virginia de vuelta a Europa.<\/p>\n<p>Precisamente, el martes por la ma\u00f1ana la ministra para la Transici\u00f3n Ecol\u00f3gica, Teresa Ribera, ve\u00eda dif\u00edcil que finalmente Greta pudiera llegar a tiempo a la COP25, no por una cuesti\u00f3n financiera sino por un problema con los transportes y por la meteorolog\u00eda adversa en esta \u00e9poca en el Atl\u00e1ntico norte.<\/p>\n<p>ECOticias<\/p>\n","protected":false},"excerpt":{"rendered":"<p>La joven pretende llegar a tiempo de la celebraci\u00f3n de <a href=\"https:\/\/sertv.gob.pa\/crisolfm\/greta-thunberg-se-embarca-para-asistir-a-la-cop25-chile-madrid\/\"> [&#8230;]<\/a><\/p>\n","protected":false},"author":64,"featured_media":24102,"comment_status":"closed","ping_status":"closed","sticky":false,"template":"","format":"standard","meta":{"footnotes":""},"categories":[7],"tags":[],"class_list":["post-24101","post","type-post","status-publish","format-standard","has-post-thumbnail","hentry","category-ecologicas"],"_links":{"self":[{"href":"https:\/\/sertv.gob.pa\/crisolfm\/wp-json\/wp\/v2\/posts\/24101","targetHints":{"allow":["GET"]}}],"collection":[{"href":"https:\/\/sertv.gob.pa\/crisolfm\/wp-json\/wp\/v2\/posts"}],"about":[{"href":"https:\/\/sertv.gob.pa\/crisolfm\/wp-json\/wp\/v2\/types\/post"}],"author":[{"embeddable":true,"href":"https:\/\/sertv.gob.pa\/crisolfm\/wp-json\/wp\/v2\/users\/64"}],"replies":[{"embeddable":true,"href":"https:\/\/sertv.gob.pa\/crisolfm\/wp-json\/wp\/v2\/comments?post=24101"}],"version-history":[{"count":1,"href":"https:\/\/sertv.gob.pa\/crisolfm\/wp-json\/wp\/v2\/posts\/24101\/revisions"}],"predecessor-version":[{"id":24103,"href":"https:\/\/sertv.gob.pa\/crisolfm\/wp-json\/wp\/v2\/posts\/24101\/revisions\/24103"}],"wp:featuredmedia":[{"embeddable":true,"href":"https:\/\/sertv.gob.pa\/crisolfm\/wp-json\/wp\/v2\/media\/24102"}],"wp:attachment":[{"href":"https:\/\/sertv.gob.pa\/crisolfm\/wp-json\/wp\/v2\/media?parent=24101"}],"wp:term":[{"taxonomy":"category","embeddable":true,"href":"https:\/\/sertv.gob.pa\/crisolfm\/wp-json\/wp\/v2\/categories?post=24101"},{"taxonomy":"post_tag","embeddable":true,"href":"https:\/\/sertv.gob.pa\/crisolfm\/wp-json\/wp\/v2\/tags?post=24101"}],"curies":[{"name":"wp","href":"https:\/\/api.w.org\/{rel}","templated":true}]}}