{"id":24113,"date":"2019-11-15T13:38:37","date_gmt":"2019-11-15T13:38:37","guid":{"rendered":"https:\/\/sertv.gob.pa\/crisolfm\/?p=24113"},"modified":"2019-11-15T13:38:37","modified_gmt":"2019-11-15T13:38:37","slug":"muere-a-los-55-anos-la-decana-de-los-rinocerontes-blancos-en-cautividad","status":"publish","type":"post","link":"https:\/\/sertv.gob.pa\/crisolfm\/muere-a-los-55-anos-la-decana-de-los-rinocerontes-blancos-en-cautividad\/","title":{"rendered":"Muere a los 55 a\u00f1os la decana de los rinocerontes blancos en cautividad"},"content":{"rendered":"<p>La rinoceronte blanco Sana falleci\u00f3 el mi\u00e9rcoles a los 55 a\u00f1os, \u00abun r\u00e9cord mundial de longevidad\u00bb para esta especie en cautividad, anunci\u00f3 el jueves su parque zool\u00f3gico, en el oeste de Francia.<\/p>\n<p>Nacida en 1964 en el Parque Nacional Umfolozi en Sud\u00e1frica, Sana lleg\u00f3 a Europa en 1971. Pas\u00f3 por varios zoos alemanes antes de ser enviada en octubre de 1993 a Planete Sauvage, un a\u00f1o despu\u00e9s de la inauguraci\u00f3n de este parque situado en Port-Saint-P\u00e8re.<\/p>\n<p>\u00abDebido a su avanzada edad, recib\u00eda una atenci\u00f3n particular: cada ma\u00f1ana, los cuidadores verificaban su estado de salud y adaptaban sus raciones de comida. Como ya no pod\u00eda revolcarse en el barro, actividad primordial para un rinoceronte, cada dos semanas, se le ung\u00eda con argila verde para mantener su piel bien hidratada y prevenir infecciones\u00bb, seg\u00fan Planete Sauvage.<\/p>\n<p>\u00abSana ten\u00eda un car\u00e1cter fuerte, era ella quien fijaba las reglas de convivencia. Todo el equipo del parque y en especial los cuidadores que la atend\u00edan a diario est\u00e1n muy afectados por esta p\u00e9rdida\u00bb, expres\u00f3 el zoo.<\/p>\n<p>AFP<\/p>\n","protected":false},"excerpt":{"rendered":"<p>La rinoceronte blanco Sana falleci\u00f3 el mi\u00e9rcoles a los 55 <a href=\"https:\/\/sertv.gob.pa\/crisolfm\/muere-a-los-55-anos-la-decana-de-los-rinocerontes-blancos-en-cautividad\/\"> [&#8230;]<\/a><\/p>\n","protected":false},"author":64,"featured_media":24114,"comment_status":"closed","ping_status":"closed","sticky":false,"template":"","format":"standard","meta":{"footnotes":""},"categories":[7],"tags":[],"class_list":["post-24113","post","type-post","status-publish","format-standard","has-post-thumbnail","hentry","category-ecologicas"],"_links":{"self":[{"href":"https:\/\/sertv.gob.pa\/crisolfm\/wp-json\/wp\/v2\/posts\/24113","targetHints":{"allow":["GET"]}}],"collection":[{"href":"https:\/\/sertv.gob.pa\/crisolfm\/wp-json\/wp\/v2\/posts"}],"about":[{"href":"https:\/\/sertv.gob.pa\/crisolfm\/wp-json\/wp\/v2\/types\/post"}],"author":[{"embeddable":true,"href":"https:\/\/sertv.gob.pa\/crisolfm\/wp-json\/wp\/v2\/users\/64"}],"replies":[{"embeddable":true,"href":"https:\/\/sertv.gob.pa\/crisolfm\/wp-json\/wp\/v2\/comments?post=24113"}],"version-history":[{"count":1,"href":"https:\/\/sertv.gob.pa\/crisolfm\/wp-json\/wp\/v2\/posts\/24113\/revisions"}],"predecessor-version":[{"id":24115,"href":"https:\/\/sertv.gob.pa\/crisolfm\/wp-json\/wp\/v2\/posts\/24113\/revisions\/24115"}],"wp:featuredmedia":[{"embeddable":true,"href":"https:\/\/sertv.gob.pa\/crisolfm\/wp-json\/wp\/v2\/media\/24114"}],"wp:attachment":[{"href":"https:\/\/sertv.gob.pa\/crisolfm\/wp-json\/wp\/v2\/media?parent=24113"}],"wp:term":[{"taxonomy":"category","embeddable":true,"href":"https:\/\/sertv.gob.pa\/crisolfm\/wp-json\/wp\/v2\/categories?post=24113"},{"taxonomy":"post_tag","embeddable":true,"href":"https:\/\/sertv.gob.pa\/crisolfm\/wp-json\/wp\/v2\/tags?post=24113"}],"curies":[{"name":"wp","href":"https:\/\/api.w.org\/{rel}","templated":true}]}}